{"id":2179,"date":"2013-11-20T23:31:52","date_gmt":"2013-11-20T23:31:52","guid":{"rendered":"http:\/\/halotan.net\/?p=2179"},"modified":"2013-11-20T23:31:52","modified_gmt":"2013-11-20T23:31:52","slug":"krew-obcych-wywiad-z-alienoil","status":"publish","type":"post","link":"https:\/\/halotan.net\/pl\/wywiady\/krew-obcych-wywiad-z-alienoil.html","title":{"rendered":"Krew obcych &#8211; wywiad z Alienoil"},"content":{"rendered":"<div class=\"intro\">Cho\u0107 krajowe poletko dark independent nie jest bardzo rozwini\u0119te, to funkcjonuje na nim par\u0119 zespo\u0142\u00f3w, kt\u00f3re tworz\u0105 muzyk\u0119 na bardzo wysokim poziomie i kt\u00f3rych nie da si\u0119 pomyli\u0107 z \u017cadnym innym zespo\u0142em na \u015bwiecie. Takim projektem \u00a0jest bez w\u0105tpienia Alienoil, ale te\u017c czego innego mo\u017cna si\u0119 by\u0142o spodziewa\u0107 po zespole stworzonym przez dwie indywidualno\u015bci tak istotne dla polskiej mrocznej sceny. Mowa tu oczywi\u015bcie o wokalistce Agacie Paw\u0142owicz (zaanga\u017cowanej jeszcze w This Cold, a kiedy\u015b w Desdemon\u0119) oraz o czarodzieju instrument\u00f3w klawiszowych \u2013 Macieju Niedzielskim (Artrosis, Sui Generis Umbra). Szcz\u0119\u015bliwie Alienoil nie pozosta\u0142o projektem studyjnym, a ich koncertowy debiut mia\u0142 miejsce na Castle Party 2013. Koncert ten nie pokaza\u0142 jednak pe\u0142nych mo\u017cliwo\u015bci zespo\u0142u z prostej przyczyny \u2013 by\u0142 za kr\u00f3tki. O tym, jakie s\u0105 prawdziwe mo\u017cliwo\u015bci tego wyj\u0105tkowego projektu mo\u017cna si\u0119 by\u0142o przekona\u0107 n pe\u0142nowymiarowyma koncercie, kt\u00f3ry odby\u0142 si\u0119 w pozna\u0144skim klubie u Bazyla, 28 wrze\u015bnia 2013 roku. Po niezwykle klimatycznym spektaklu Agata i Maciej zgodzili si\u0119 opowiedzie\u0107 troch\u0119 o swojej muzyce.<\/div>\n\n\n<p>[halobox93]<\/p>\n\n\n\n<p><strong>Adalbert: Jest to pierwsza okazja, \u017ce mog\u0119 porozmawia\u0107 z wasz\u0105 dw\u00f3jk\u0105 jako Alienoil. Wcze\u015bniej uda\u0142o mi si\u0119 zamieni\u0107 par\u0119 s\u0142\u00f3w osobno z Maciejem i osobno z Agat\u0105 na Castle Party, gdzie grali\u015bcie sw\u00f3j pierwszy koncert. Dzisiaj by\u0142 drugi i chyba trudno tu m\u00f3wi\u0107 o jakim\u015b \u201eotrzaskaniu\u201d, ale \u2026<\/strong><\/p>\n\n\n\n<p><strong>Agata:<\/strong> \u2026 ale oboje zrobili\u015bmy po kilkaset koncert\u00f3w, wi\u0119c ci\u0119\u017cko stwierdzi\u0107, \u017ce to dopiero jakie\u015b \u201eotrzaskiwanie si\u0119\u201d<\/p>\n\n\n\n<p><strong>Adalbert: Jednak w tej konfiguracji nie by\u0142o ich wiele, jak si\u0119 czujecie na scenie? W miar\u0119 ok?<\/strong><\/p>\n\n\n\n<p><strong>Maciej:<\/strong> Dziwnie jeszcze.<\/p>\n\n\n\n<p><strong>Agata:<\/strong> Nie jest \u0142atwo, bo to s\u0105 utwory w wolnych i \u015brednich tempach, nie mo\u017cna poszale\u0107 i poskaka\u0107\u2026 To nie jest muzyka taneczna. Wszystkie zespo\u0142y graj\u0105 teraz tak\u0105 muzyk\u0119, \u017ce mo\u017cna do niej ta\u0144czy\u0107, a my zrobili\u015bmy co\u015b innego.<\/p>\n\n\n\n<p><strong>Adalbert: Nie zagrali\u015bcie jednak dzisiaj kawa\u0142ka \u201eUtopia\u201d, kt\u00f3ry jest w\u0142a\u015bnie ca\u0142kiem \u017cwawy.<\/strong><\/p>\n\n\n\n<p><strong>Agata:<\/strong> Nie zagrali\u015bmy, bo wyst\u0119puje w nim nasz przyjaciel, Bastis z zespo\u0142u Witchmaster, bez niego wykonanie tego kawa\u0142ka mija si\u0119 z celem.<\/p>\n\n\n\n<p><strong>Adalbert:<\/strong> <strong>A kt\u00f3re kawa\u0142ki wykonuje si\u0119 wam najlepiej na \u017cywo?<\/strong><\/p>\n\n\n\n<p><strong>Maciej:<\/strong> \u201eRaus\u201d.<\/p>\n\n\n\n<p><strong>Agata:<\/strong> \u201eRaus\u201d i doda\u0142abym te\u017c \u201eSilent Night\u201d, zaczyna si\u0119 rzewnie, a w drugiej po\u0142owie jest czad.<\/p>\n\n\n\n<p><strong>Maciej:<\/strong> I \u201eIt\u2019s over\u201d z tym ca\u0142ym galimatiasem.<\/p>\n\n\n\n<p><strong>Agata:<\/strong> Tam mo\u017cna si\u0119 rozedrze\u0107 na ko\u0144cu. W og\u00f3le \u015bmieszne to jest, \u017ce nie gramy np. kawa\u0142ka \u201eAngel\u201d, kt\u00f3rego ja nie znosz\u0119, a na stronie Halotana uzyska\u0142 najwi\u0119cej facebookowych lajk\u00f3w. To jest dla mnie dziwne, \u017ce utw\u00f3r, kt\u00f3rego nie znosz\u0119 i kt\u00f3rego nie gramy jest tak bardzo lubiany.<\/p>\n\n\n\n<p><strong>Maciej: <\/strong>Wiesz, bo ja na allegro kupi\u0142em akurat trzydzie\u015bci lajk\u00f3w\u2026. E, we\u017a to wytnij (<em>\u015bmiech<\/em>).<\/p>\n\n\n<fb:like-box class=\"likebox_context_full\" href=\"http:\/\/www.facebook.com\/alienoil\" width=\"620\" show_faces=\"true\" stream=\"false\" header=\"false\"><\/fb:like-box>\n\n\n\n<figure class=\"wp-block-image alignleft\"><a href=\"http:\/\/halotan.net\/wp-content\/uploads\/2013\/11\/20130928_2339121.jpg\"><img loading=\"lazy\" decoding=\"async\" width=\"1024\" height=\"576\" src=\"http:\/\/halotan.net\/wp-content\/uploads\/2013\/11\/20130928_2339121-1024x576.jpg\" alt=\"alienoil\" class=\"wp-image-2181\" srcset=\"https:\/\/halotan.net\/pl\/wp-content\/uploads\/sites\/2\/2013\/11\/20130928_2339121-1024x576.jpg 1024w, https:\/\/halotan.net\/pl\/wp-content\/uploads\/sites\/2\/2013\/11\/20130928_2339121-300x169.jpg 300w, https:\/\/halotan.net\/pl\/wp-content\/uploads\/sites\/2\/2013\/11\/20130928_2339121-768x432.jpg 768w, https:\/\/halotan.net\/pl\/wp-content\/uploads\/sites\/2\/2013\/11\/20130928_2339121-1536x864.jpg 1536w, https:\/\/halotan.net\/pl\/wp-content\/uploads\/sites\/2\/2013\/11\/20130928_2339121-2048x1152.jpg 2048w\" sizes=\"auto, (max-width: 1024px) 100vw, 1024px\" \/><\/a><\/figure>\n\n\n\n<p><strong>Adalbert: Bardzo si\u0119 te\u017c s\u0142uchaczom spodoba\u0142 utw\u00f3r \u201eYellow rubber duck&#8221;.<\/strong><\/p>\n\n\n\n<p><strong>&nbsp;Agata:<\/strong> To jest w og\u00f3le przeb\u00f3j sezonu, wszystkim si\u0119 bardzo podoba. Ma\u0142o kto wie, o co w tym utworze chodzi, ale wszyscy s\u0105 zachwyceni perspektyw\u0105 zabicia \u017c\u00f3\u0142tej gumowej kaczuszki i tym, \u017ce \u015bpiewam o tym takim rzewnym g\u0142osem.<\/p>\n\n\n\n<p><strong>Adalbert: Zostawiaj\u0105c ju\u017c kwestie koncertowe, chcia\u0142em powiedzie\u0107, \u017ce sam album \u201eIn Limbo\u201d jest bardzo dobry, sp\u00f3jny, mimo, \u017ce powstawa\u0142 na d\u0142ugiej przestrzeni czasowej. Z jakim odbiorem spotkali\u015bcie si\u0119 do tej pory?<\/strong><\/p>\n\n\n<div class=\"quotebox quotebox_context_left\">To jest mimo wszystko rodzaj kompendium, te utwory by\u0142y co jaki\u015b czas wypuszczone w \u015bwiat<\/div>\n\n\n\n<p><strong>Agata:<\/strong> Nie spotka\u0142am si\u0119 z \u017cadnymi negatywnymi, albo oboj\u0119tnymi opiniami. Od \u201efajnie\u201d do \u201erewelacyjnie\u201d.<\/p>\n\n\n\n<p><strong>&nbsp;Maciej:<\/strong> Inna sprawa, \u017ce to jest mimo wszystko rodzaj kompendium, te utwory by\u0142y co jaki\u015b czas wypuszczone w \u015bwiat\u2026 Ten d\u0142ugi okres powstawania p\u0142yty wynika\u0142 te\u017c z faktu, \u017ce rzadko mogli\u015bmy si\u0119 spotyka\u0107. To nie jest tak, \u017ce siedzieli\u015bmy codziennie przez osiem godzin przez te par\u0119 lat. Spotykali\u015bmy si\u0119 wiele. A \u017ce jest sp\u00f3jnie? Tak mia\u0142o by\u0107.<\/p>\n\n\n\n<p><strong>Adalbert: Na promocj\u0119 albumu wybrali\u015bcie piosenk\u0119 \u201eCloser\u201d, kt\u00f3ra znalaz\u0142a si\u0119 na samplerze Halotana. Czy mo\u017cna powiedzie\u0107, \u017ce jest w jakim\u015b stopniu reprezentatywna?<\/strong><\/p>\n\n\n\n<p><strong>Agata:<\/strong> My\u015bl\u0119, \u017ce tak, \u017ce jest tam wszystko co znalaz\u0142o si\u0119 na albumie. I czad i troch\u0119 spokojnego \u015bpiewania, i troch\u0119 schizy i troch\u0119 tradycyjnych patent\u00f3w.<\/p>\n\n\n\n<p><strong>Maciej:<\/strong> Pami\u0119tam, jak to nagrywali\u015bmy. To by\u0142 pierwszy\u2026nie, drugi&nbsp; kawa\u0142ek jaki nagrali\u015bmy, pierwszy by\u0142 \u201eSwallow me\u201d, potem jeszcze by\u0142 \u201eAnnunaki\u201d.<\/p>\n\n\n\n<figure class=\"wp-block-image alignleft\"><a href=\"http:\/\/halotan.net\/wp-content\/uploads\/2013\/11\/20130928_234518_3_bestshot.jpg\"><img loading=\"lazy\" decoding=\"async\" width=\"1024\" height=\"576\" src=\"http:\/\/halotan.net\/wp-content\/uploads\/2013\/11\/20130928_234518_3_bestshot-1024x576.jpg\" alt=\"20130928_234518_3_bestshot\" class=\"wp-image-2182\" srcset=\"https:\/\/halotan.net\/pl\/wp-content\/uploads\/sites\/2\/2013\/11\/20130928_234518_3_bestshot-1024x576.jpg 1024w, https:\/\/halotan.net\/pl\/wp-content\/uploads\/sites\/2\/2013\/11\/20130928_234518_3_bestshot-300x169.jpg 300w, https:\/\/halotan.net\/pl\/wp-content\/uploads\/sites\/2\/2013\/11\/20130928_234518_3_bestshot-768x432.jpg 768w, https:\/\/halotan.net\/pl\/wp-content\/uploads\/sites\/2\/2013\/11\/20130928_234518_3_bestshot-1536x864.jpg 1536w, https:\/\/halotan.net\/pl\/wp-content\/uploads\/sites\/2\/2013\/11\/20130928_234518_3_bestshot-2048x1152.jpg 2048w\" sizes=\"auto, (max-width: 1024px) 100vw, 1024px\" \/><\/a><\/figure>\n\n\n\n<p><strong>Adalbert: Jest dosy\u0107 ciekawa sprawa z trzecim utworem na p\u0142ycie,&nbsp; \u201eHold me\u201d\u2026 najpierw by\u0142 z my\u015bl\u0105 o Alienoil, czy Artrosis?<\/strong><\/p>\n\n\n\n<p><strong>Maciej:<\/strong> Najpierw by\u0142a pierwsza, nieopublikowana wersja. Dopiero druga by\u0142a dla Alienoil, a trzecia dla Artrosis.<\/p>\n\n\n\n<p><strong>Adalbert: Trzeba przyzna\u0107, \u017ce bardzo si\u0119 od siebie r\u00f3\u017cni\u0105\u2026<\/strong><\/p>\n\n\n\n<p><strong>Maciej: <\/strong>C\u00f3\u017c, jedna wersja jest w e-moll, druga w d-moll, zupe\u0142nie inna liryka.<\/p>\n\n\n\n<p><strong>Adalbert: Mam pytanie a propos tekst\u00f3w\u2026 S\u0105 w nich zmy\u015blone historie, czy pojawiaj\u0105 si\u0119 jakie\u015b sytuacje z \u017cycia wzi\u0119te? Mam wra\u017cenie, \u017ce \u201eBreslau\u201d to pod tym wzgl\u0119dem do\u015b\u0107 osobisty numer.<\/strong><\/p>\n\n\n<div class=\"quotebox quotebox_context_left\">Nazwa \u201eIn limbo\u201d kr\u0119ci\u0142a mi si\u0119 po g\u0142owie bardzo dawno, jeszcze jak zajmowa\u0142am si\u0119 innymi swoimi projektami. <\/div>\n\n\n\n<p><strong>Agata:<\/strong> C\u00f3\u017c, skoro pada nawet nazwa miasta, to chyba jasne. Oczywi\u015bcie, \u017ce s\u0105 tam w\u0105tki autobiograficzne\u2026 tego nie da si\u0119 unikn\u0105\u0107, ja mam tylko jedn\u0105 g\u0142ow\u0119 i my\u015bl\u0119 w okre\u015blony spos\u00f3b.<\/p>\n\n\n\n<p><strong>Adalbert: A sk\u0105d w og\u00f3le wzi\u0119\u0142a si\u0119 nazwa Alienoil?<\/strong><\/p>\n\n\n\n<p><strong>&nbsp;Maciej:<\/strong> To pytanie do Agaty.<\/p>\n\n\n\n<p><strong>Agata:<\/strong> C\u00f3\u017c, na pocz\u0105tku mia\u0142am gra\u0107 w tym zespole ja, a tak\u017ce ludzie o pseudonimach Czarny i Olej i mia\u0142 by\u0107 Black Oil. Czarny jednak nie chcia\u0142 z nami gra\u0107, wi\u0119c zosta\u0142o samo Oil, a \u017ce mnie w liceum nazywali Obca to wysz\u0142o Alienoil i tak zosta\u0142o. A Olej odszed\u0142 i przyszed\u0142 Maciek.<\/p>\n\n\n\n<p><strong>Adalbert: Nazwa jest bardzo d\u017awi\u0119czna\u2026<\/strong><\/p>\n\n\n\n<p><strong>Agata:<\/strong> I dobrze ilustruje co\u015b, co chcia\u0142abym, by nasza muzyka ilustrowa\u0142a. Krew obcych, czyli substancja, kt\u00f3ra jest czym\u015b innym, ni\u017c krwi\u0105, w\u0142a\u015bciwie takim \u015bluzem, olejem. I to jest w\u0142a\u015bnie Alienoil \u2013 co mo\u017cna te\u017c kojarzy\u0107 te\u017c z filozofi\u0105 Annunaki, \u017ce tak naprawd\u0119 pochodzimy od r\u00f3\u017cnych ufoludk\u00f3w itp. Maciej mi o tym opowiada\u0142, kiedy w\u0142a\u015bnie powstawa\u0142 utw\u00f3r \u201eAnnunaki\u201d.<\/p>\n\n\n<p>[yframe url=&#8217;http:\/\/www.youtube.com\/watch?v=NTOPmhMX2V0&#8242;]<\/p>\n\n\n\n<!--nextpage-->\n\n\n\n<figure class=\"wp-block-image alignleft\"><a href=\"http:\/\/halotan.net\/wp-content\/uploads\/2013\/11\/20130928_233928.jpg\"><img loading=\"lazy\" decoding=\"async\" width=\"1024\" height=\"576\" src=\"http:\/\/halotan.net\/wp-content\/uploads\/2013\/11\/20130928_233928-1024x576.jpg\" alt=\"20130928_233928\" class=\"wp-image-2184\" srcset=\"https:\/\/halotan.net\/pl\/wp-content\/uploads\/sites\/2\/2013\/11\/20130928_233928-1024x576.jpg 1024w, https:\/\/halotan.net\/pl\/wp-content\/uploads\/sites\/2\/2013\/11\/20130928_233928-300x169.jpg 300w, https:\/\/halotan.net\/pl\/wp-content\/uploads\/sites\/2\/2013\/11\/20130928_233928-768x432.jpg 768w, https:\/\/halotan.net\/pl\/wp-content\/uploads\/sites\/2\/2013\/11\/20130928_233928-1536x864.jpg 1536w, https:\/\/halotan.net\/pl\/wp-content\/uploads\/sites\/2\/2013\/11\/20130928_233928-2048x1152.jpg 2048w\" sizes=\"auto, (max-width: 1024px) 100vw, 1024px\" \/><\/a><\/figure>\n\n\n\n<p><strong>Adalbert: A co oznacza nazwa albumu?<\/strong><\/p>\n\n\n\n<p><strong>Agata:<\/strong> Nazwa \u201eIn limbo\u201d kr\u0119ci\u0142a mi si\u0119 po g\u0142owie bardzo dawno, jeszcze jak zajmowa\u0142am si\u0119 innymi swoimi projektami. Zawsze chcia\u0142am zrobi\u0107 taki projekt, z kt\u00f3rym bym si\u0119 ca\u0142kowicie uto\u017csamia\u0142a, dlatego, \u017ce&nbsp; w Desdemonie nagrywa\u0142am p\u0142yty, kt\u00f3re musia\u0142am nagra\u0107. Czeka\u0142am na t\u0119 p\u0142yt\u0119 pod kt\u00f3r\u0105 mog\u0119 si\u0119 ca\u0142kowicie podpisa\u0107 i w\u0142a\u015bnie t\u0119 p\u0142yt\u0119 chcia\u0142am nazwa\u0107 \u201eIn limbo\u201d. I kiedy poczu\u0142am, \u017ce to jest ta p\u0142yta to tak j\u0105 nazwa\u0142am. Maciek si\u0119 zgodzi\u0142.<\/p>\n\n\n\n<p><strong>Adalbert: A zawsze si\u0119 zgadzacie, czy dochodzi te\u017c do spor\u00f3w? Czy te\u017c si\u0119 jako\u015b dzielicie i Maciek odpowiada za muzyk\u0119, a Agata za wokal i tekst?<\/strong><\/p>\n\n\n<div class=\"quotebox quotebox_context_left\">Chcia\u0142am po prostu nagra\u0107 p\u0142yt\u0119, z kt\u00f3r\u0105 mog\u0142abym si\u0119 zidentyfikowa\u0107, kt\u00f3ra by\u0142aby moim dzieckiem<\/div>\n\n\n\n<p><strong>Maciej:<\/strong> Agata dodaje r\u00f3\u017cne rzeczy, nie tylko muzyk\u0119 i teksty.<\/p>\n\n\n\n<p><strong>Agata:<\/strong> Generalnie wrzucamy swoje pomys\u0142y, je\u015bli drugiej stronie si\u0119 nie podoba, to si\u0119 nimi nie zajmujemy.<\/p>\n\n\n\n<p><strong>Maciek:<\/strong> Je\u015bli obie strony stwierdz\u0105 \u201eo, to jest fajne\u201d, to rozwijamy pomys\u0142, najkr\u00f3cej rzecz ujmuj\u0105c.<\/p>\n\n\n\n<p><strong>Adalbert: W przesz\u0142o\u015bci tworzyli\u015bcie rzeczy bardzo r\u00f3\u017cne stylistycznie, ka\u017cde z was mia\u0142o do\u015bwiadczenia z muzyk\u0105 metalow\u0105\/gotyck\u0105, a tutaj posz\u0142o to w stron\u0119, kt\u00f3ra nie ma chyba precedensu na naszej scenie i nie tylko na naszej&#8230;<\/strong><\/p>\n\n\n\n<p><strong>Maciej:<\/strong> Nie, bez przesady\u2026<\/p>\n\n\n\n<p><strong>Agata:<\/strong> Niby bez przesady, ale z&nbsp; drugiej strony nie mog\u0119 tego por\u00f3wna\u0107 do \u017cadnej innej kapeli. Chcia\u0142am po prostu nagra\u0107 p\u0142yt\u0119, z kt\u00f3r\u0105 mog\u0142abym si\u0119 zidentyfikowa\u0107, kt\u00f3ra by\u0142aby moim dzieckiem, Maciek chyba to samo zrobi\u0142.<\/p>\n\n\n<p>[yframe url=&#8217;http:\/\/www.youtube.com\/watch?v=9411jtz_pp0&#8242;]<\/p>\n\n\n\n<figure class=\"wp-block-image alignleft\"><a href=\"http:\/\/halotan.net\/wp-content\/uploads\/2013\/11\/20130928_232644.jpg\"><img loading=\"lazy\" decoding=\"async\" width=\"1024\" height=\"576\" src=\"http:\/\/halotan.net\/wp-content\/uploads\/2013\/11\/20130928_232644-1024x576.jpg\" alt=\"20130928_232644\" class=\"wp-image-2185\" srcset=\"https:\/\/halotan.net\/pl\/wp-content\/uploads\/sites\/2\/2013\/11\/20130928_232644-1024x576.jpg 1024w, https:\/\/halotan.net\/pl\/wp-content\/uploads\/sites\/2\/2013\/11\/20130928_232644-300x169.jpg 300w, https:\/\/halotan.net\/pl\/wp-content\/uploads\/sites\/2\/2013\/11\/20130928_232644-768x432.jpg 768w, https:\/\/halotan.net\/pl\/wp-content\/uploads\/sites\/2\/2013\/11\/20130928_232644-1536x864.jpg 1536w, https:\/\/halotan.net\/pl\/wp-content\/uploads\/sites\/2\/2013\/11\/20130928_232644-2048x1152.jpg 2048w\" sizes=\"auto, (max-width: 1024px) 100vw, 1024px\" \/><\/a><\/figure>\n\n\n\n<p><strong>Adalbert: A&nbsp;mieli\u015bcie&nbsp;w og\u00f3le jakie\u015b&nbsp;inspiracje muzyczne?<\/strong><\/p>\n\n\n\n<p><strong>Maciej:<\/strong> Jean-Michel Jarre..<\/p>\n\n\n\n<p><strong>Agata:<\/strong> Jest jeden moment, kt\u00f3ry jest zainspirowany Depeche Mode.<\/p>\n\n\n\n<p><strong>Maciej:<\/strong> W \u201eSwallow me\u201d\u2026<\/p>\n\n\n\n<p><strong>Agata:<\/strong> \u2026 Ale to jest wszystko. Ja kiedy nagrywam staram si\u0119 nie s\u0142ucha\u0107 \u017cadnych innych rzeczy\u2026 No i mam tak\u0105 chorob\u0119 zawodow\u0105, \u017ce nie s\u0142ucha, wokalistek, nienawidz\u0119 \u015bpiewaj\u0105cych bab, wy\u0142\u0105czam od razu jak si\u0119 gdzie\u015b pojawi\u0105.<\/p>\n\n\n\n<p><strong>Maciej:<\/strong> S\u0142uchamy wtedy Eski Rock, RmfMax, szczeg\u00f3lnie reklam. Og\u00f3lnie nawet nie bardzo wiemy co si\u0119 dzieje na scenie dark independent, tylko na Castle Party si\u0119 z ni\u0105 szerzej stykam i ostatnio, za po\u015brednictwem samplera Halotana.<\/p>\n\n\n\n<p><strong>Adalbert: Wyobra\u017cacie sobie, \u017ce mogliby\u015bcie stworzy\u0107 podobn\u0105 p\u0142yt\u0119, ale w bardziej jednostajnym tanecznym tempie?<\/strong><\/p>\n\n\n\n<p><strong>Maciej:<\/strong> \u2026 I z instrumentami d\u0119tymi? Oczywi\u015bcie, ale po co?<\/p>\n\n\n\n<p><strong>Agata:<\/strong> Kiedy robili\u015bmy t\u0119 p\u0142yt\u0119, nie chodzi\u0142o o to, \u017ceby stworzy\u0107 muzyk\u0119 do zabawy. Chcieli\u015bmy tworzy\u0107 muzyk\u0119, kt\u00f3ra si\u0119 spodoba przede wszystkim nam. Kiedy robili\u015bmy te utwory w og\u00f3le nie by\u0142o mowy o tym, \u017ce mogliby\u015bmy wyda\u0107 jak\u0105\u015b p\u0142yt\u0119. Po to wyszli\u015bmy z tym materia\u0142em, bo mieli\u015bmy nadziej\u0119, \u017ce spotkamy ludzi, kt\u00f3rzy poczuj\u0105 to samo, ale mieli\u015bmy nadziej\u0119, a nie odczuwali\u015bmy przymus podobania si\u0119 komukolwiek.<\/p>\n\n\n\n<p>Nas nie mo\u017ce ograniczy\u0107 nic, w naszej tw\u00f3rczo\u015bci, nawet granice j\u0119zykowe. Stworzy\u0142am np. s\u0142owo \u201eanshit\u201d, kt\u00f3re oznacza co\u015b pomi\u0119dzy \u201eantycznym\u201d, a&#8230; no, wiadomo czym. Mo\u017ce kto\u015b to s\u0142owo zamie\u015bci w jakim\u015b s\u0142owniku, kto wie? \u017badne inne s\u0142owo mi tam nie pasowa\u0142o i ju\u017c.<\/p>\n\n\n\n<p><strong>Adalbert: Czy odzew na wasz\u0105 muzyk\u0119 by\u0142 tylko na naszym polskim gruncie?<\/strong><\/p>\n\n\n\n<p><strong>Agata:<\/strong> Nie, mam np. maile z Kanady, z Rosji. To s\u0105 pojedyncze osoby, ale ludzie pisz\u0105 np. tak, \u017ce si\u0119 zakochali w naszej muzyce. Nawet otrzyma\u0142am maila ze Szwecji, \u017ce go\u015b\u0107 chce mnie po\u015blubi\u0107 i porwa\u0107, na podstawie mojego g\u0142osu.<\/p>\n","protected":false},"excerpt":{"rendered":"<p>Adalbert: Jest to pierwsza okazja, \u017ce mog\u0119 porozmawia\u0107 z wasz\u0105 dw\u00f3jk\u0105 jako Alienoil. Wcze\u015bniej uda\u0142o mi si\u0119 zamieni\u0107 par\u0119 s\u0142\u00f3w [&hellip;]<\/p>\n","protected":false},"author":3,"featured_media":2188,"comment_status":"closed","ping_status":"closed","sticky":false,"template":"","format":"standard","meta":{"site-sidebar-layout":"default","site-content-layout":"","ast-site-content-layout":"default","site-content-style":"default","site-sidebar-style":"default","ast-global-header-display":"","ast-banner-title-visibility":"","ast-main-header-display":"","ast-hfb-above-header-display":"","ast-hfb-below-header-display":"","ast-hfb-mobile-header-display":"","site-post-title":"","ast-breadcrumbs-content":"","ast-featured-img":"","footer-sml-layout":"","ast-disable-related-posts":"","theme-transparent-header-meta":"","adv-header-id-meta":"","stick-header-meta":"","header-above-stick-meta":"","header-main-stick-meta":"","header-below-stick-meta":"","astra-migrate-meta-layouts":"default","ast-page-background-enabled":"default","ast-page-background-meta":{"desktop":{"background-color":"var(--ast-global-color-4)","background-image":"","background-repeat":"repeat","background-position":"center center","background-size":"auto","background-attachment":"scroll","background-type":"","background-media":"","overlay-type":"","overlay-color":"","overlay-opacity":"","overlay-gradient":""},"tablet":{"background-color":"","background-image":"","background-repeat":"repeat","background-position":"center center","background-size":"auto","background-attachment":"scroll","background-type":"","background-media":"","overlay-type":"","overlay-color":"","overlay-opacity":"","overlay-gradient":""},"mobile":{"background-color":"","background-image":"","background-repeat":"repeat","background-position":"center center","background-size":"auto","background-attachment":"scroll","background-type":"","background-media":"","overlay-type":"","overlay-color":"","overlay-opacity":"","overlay-gradient":""}},"ast-content-background-meta":{"desktop":{"background-color":"var(--ast-global-color-5)","background-image":"","background-repeat":"repeat","background-position":"center center","background-size":"auto","background-attachment":"scroll","background-type":"","background-media":"","overlay-type":"","overlay-color":"","overlay-opacity":"","overlay-gradient":""},"tablet":{"background-color":"var(--ast-global-color-5)","background-image":"","background-repeat":"repeat","background-position":"center center","background-size":"auto","background-attachment":"scroll","background-type":"","background-media":"","overlay-type":"","overlay-color":"","overlay-opacity":"","overlay-gradient":""},"mobile":{"background-color":"var(--ast-global-color-5)","background-image":"","background-repeat":"repeat","background-position":"center center","background-size":"auto","background-attachment":"scroll","background-type":"","background-media":"","overlay-type":"","overlay-color":"","overlay-opacity":"","overlay-gradient":""}},"footnotes":""},"categories":[55],"tags":[70,59],"class_list":["post-2179","post","type-post","status-publish","format-standard","has-post-thumbnail","hentry","category-wywiady","tag-alienoil","tag-wywiad"],"yoast_head":"<!-- This site is optimized with the Yoast SEO plugin v27.0 - https:\/\/yoast.com\/product\/yoast-seo-wordpress\/ -->\n<title>Krew obcych - wywiad z Alienoil - Halotan Records PL<\/title>\n<meta name=\"description\" content=\"Wywiad z Alienoil, zespo\u0142em stworzonym przez dwie indywidualno\u015bci polskiej mrocznej sceny: Agat\u0119 Paw\u0142owicz i Macieja Niedzielskiego.\" \/>\n<meta name=\"robots\" content=\"index, follow, max-snippet:-1, max-image-preview:large, max-video-preview:-1\" \/>\n<link rel=\"canonical\" href=\"https:\/\/halotan.net\/pl\/wywiady\/krew-obcych-wywiad-z-alienoil.html\" \/>\n<link rel=\"next\" href=\"https:\/\/halotan.net\/pl\/wywiady\/krew-obcych-wywiad-z-alienoil.html\/2\" \/>\n<meta property=\"og:locale\" content=\"pl_PL\" \/>\n<meta property=\"og:type\" content=\"article\" \/>\n<meta property=\"og:title\" content=\"Krew obcych - wywiad z Alienoil - Halotan Records PL\" \/>\n<meta property=\"og:description\" content=\"Wywiad z Alienoil, zespo\u0142em stworzonym przez dwie indywidualno\u015bci polskiej mrocznej sceny: Agat\u0119 Paw\u0142owicz i Macieja Niedzielskiego.\" \/>\n<meta property=\"og:url\" content=\"https:\/\/halotan.net\/pl\/wywiady\/krew-obcych-wywiad-z-alienoil.html\" \/>\n<meta property=\"og:site_name\" content=\"Halotan Records PL\" \/>\n<meta property=\"article:publisher\" content=\"https:\/\/www.facebook.com\/halotan\" \/>\n<meta property=\"article:published_time\" content=\"2013-11-20T23:31:52+00:00\" \/>\n<meta property=\"og:image\" content=\"https:\/\/halotan.net\/pl\/wp-content\/uploads\/sites\/2\/2013\/11\/al2-scaled.jpg\" \/>\n\t<meta property=\"og:image:width\" content=\"2560\" \/>\n\t<meta property=\"og:image:height\" content=\"1871\" \/>\n\t<meta property=\"og:image:type\" content=\"image\/jpeg\" \/>\n<meta name=\"author\" content=\"Adalbert\" \/>\n<meta name=\"twitter:card\" content=\"summary_large_image\" \/>\n<meta name=\"twitter:label1\" content=\"Napisane przez\" \/>\n\t<meta name=\"twitter:data1\" content=\"Adalbert\" \/>\n\t<meta name=\"twitter:label2\" content=\"Szacowany czas czytania\" \/>\n\t<meta name=\"twitter:data2\" content=\"9 minut\" \/>\n<script type=\"application\/ld+json\" class=\"yoast-schema-graph\">{\"@context\":\"https:\/\/schema.org\",\"@graph\":[{\"@type\":\"Article\",\"@id\":\"https:\/\/halotan.net\/pl\/wywiady\/krew-obcych-wywiad-z-alienoil.html#article\",\"isPartOf\":{\"@id\":\"https:\/\/halotan.net\/pl\/wywiady\/krew-obcych-wywiad-z-alienoil.html\"},\"author\":{\"name\":\"Adalbert\",\"@id\":\"https:\/\/halotan.net\/pl\/#\/schema\/person\/1212c49464166828e0b666b29bbba31c\"},\"headline\":\"Krew obcych &#8211; wywiad z Alienoil\",\"datePublished\":\"2013-11-20T23:31:52+00:00\",\"mainEntityOfPage\":{\"@id\":\"https:\/\/halotan.net\/pl\/wywiady\/krew-obcych-wywiad-z-alienoil.html\"},\"wordCount\":1728,\"publisher\":{\"@id\":\"https:\/\/halotan.net\/pl\/#organization\"},\"image\":{\"@id\":\"https:\/\/halotan.net\/pl\/wywiady\/krew-obcych-wywiad-z-alienoil.html#primaryimage\"},\"thumbnailUrl\":\"https:\/\/halotan.net\/pl\/wp-content\/uploads\/sites\/2\/2013\/11\/al2-scaled.jpg\",\"keywords\":[\"Alienoil\",\"wywiad\"],\"articleSection\":[\"Wywiady\"],\"inLanguage\":\"pl-PL\"},{\"@type\":\"WebPage\",\"@id\":\"https:\/\/halotan.net\/pl\/wywiady\/krew-obcych-wywiad-z-alienoil.html\",\"url\":\"https:\/\/halotan.net\/pl\/wywiady\/krew-obcych-wywiad-z-alienoil.html\",\"name\":\"Krew obcych - wywiad z Alienoil - Halotan Records PL\",\"isPartOf\":{\"@id\":\"https:\/\/halotan.net\/pl\/#website\"},\"primaryImageOfPage\":{\"@id\":\"https:\/\/halotan.net\/pl\/wywiady\/krew-obcych-wywiad-z-alienoil.html#primaryimage\"},\"image\":{\"@id\":\"https:\/\/halotan.net\/pl\/wywiady\/krew-obcych-wywiad-z-alienoil.html#primaryimage\"},\"thumbnailUrl\":\"https:\/\/halotan.net\/pl\/wp-content\/uploads\/sites\/2\/2013\/11\/al2-scaled.jpg\",\"datePublished\":\"2013-11-20T23:31:52+00:00\",\"description\":\"Wywiad z Alienoil, zespo\u0142em stworzonym przez dwie indywidualno\u015bci polskiej mrocznej sceny: Agat\u0119 Paw\u0142owicz i Macieja Niedzielskiego.\",\"inLanguage\":\"pl-PL\",\"potentialAction\":[{\"@type\":\"ReadAction\",\"target\":[\"https:\/\/halotan.net\/pl\/wywiady\/krew-obcych-wywiad-z-alienoil.html\"]}]},{\"@type\":\"ImageObject\",\"inLanguage\":\"pl-PL\",\"@id\":\"https:\/\/halotan.net\/pl\/wywiady\/krew-obcych-wywiad-z-alienoil.html#primaryimage\",\"url\":\"https:\/\/halotan.net\/pl\/wp-content\/uploads\/sites\/2\/2013\/11\/al2-scaled.jpg\",\"contentUrl\":\"https:\/\/halotan.net\/pl\/wp-content\/uploads\/sites\/2\/2013\/11\/al2-scaled.jpg\",\"width\":2560,\"height\":1871},{\"@type\":\"WebSite\",\"@id\":\"https:\/\/halotan.net\/pl\/#website\",\"url\":\"https:\/\/halotan.net\/pl\/\",\"name\":\"Halotan Records PL\",\"description\":\"\",\"publisher\":{\"@id\":\"https:\/\/halotan.net\/pl\/#organization\"},\"potentialAction\":[{\"@type\":\"SearchAction\",\"target\":{\"@type\":\"EntryPoint\",\"urlTemplate\":\"https:\/\/halotan.net\/pl\/?s={search_term_string}\"},\"query-input\":{\"@type\":\"PropertyValueSpecification\",\"valueRequired\":true,\"valueName\":\"search_term_string\"}}],\"inLanguage\":\"pl-PL\"},{\"@type\":\"Organization\",\"@id\":\"https:\/\/halotan.net\/pl\/#organization\",\"name\":\"Halotan Records PL\",\"url\":\"https:\/\/halotan.net\/pl\/\",\"logo\":{\"@type\":\"ImageObject\",\"inLanguage\":\"pl-PL\",\"@id\":\"https:\/\/halotan.net\/pl\/#\/schema\/logo\/image\/\",\"url\":\"https:\/\/halotan.net\/pl\/wp-content\/uploads\/sites\/2\/2024\/11\/cropped-halotan-records-logo.png\",\"contentUrl\":\"https:\/\/halotan.net\/pl\/wp-content\/uploads\/sites\/2\/2024\/11\/cropped-halotan-records-logo.png\",\"width\":534,\"height\":174,\"caption\":\"Halotan Records PL\"},\"image\":{\"@id\":\"https:\/\/halotan.net\/pl\/#\/schema\/logo\/image\/\"},\"sameAs\":[\"https:\/\/www.facebook.com\/halotan\",\"https:\/\/youtube.com\/@halotanrecords\"]},{\"@type\":\"Person\",\"@id\":\"https:\/\/halotan.net\/pl\/#\/schema\/person\/1212c49464166828e0b666b29bbba31c\",\"name\":\"Adalbert\",\"url\":\"https:\/\/halotan.net\/pl\/author\/adalbert\"}]}<\/script>\n<!-- \/ Yoast SEO plugin. -->","yoast_head_json":{"title":"Krew obcych - wywiad z Alienoil - Halotan Records PL","description":"Wywiad z Alienoil, zespo\u0142em stworzonym przez dwie indywidualno\u015bci polskiej mrocznej sceny: Agat\u0119 Paw\u0142owicz i Macieja Niedzielskiego.","robots":{"index":"index","follow":"follow","max-snippet":"max-snippet:-1","max-image-preview":"max-image-preview:large","max-video-preview":"max-video-preview:-1"},"canonical":"https:\/\/halotan.net\/pl\/wywiady\/krew-obcych-wywiad-z-alienoil.html","next":"https:\/\/halotan.net\/pl\/wywiady\/krew-obcych-wywiad-z-alienoil.html\/2","og_locale":"pl_PL","og_type":"article","og_title":"Krew obcych - wywiad z Alienoil - Halotan Records PL","og_description":"Wywiad z Alienoil, zespo\u0142em stworzonym przez dwie indywidualno\u015bci polskiej mrocznej sceny: Agat\u0119 Paw\u0142owicz i Macieja Niedzielskiego.","og_url":"https:\/\/halotan.net\/pl\/wywiady\/krew-obcych-wywiad-z-alienoil.html","og_site_name":"Halotan Records PL","article_publisher":"https:\/\/www.facebook.com\/halotan","article_published_time":"2013-11-20T23:31:52+00:00","og_image":[{"width":2560,"height":1871,"url":"https:\/\/halotan.net\/pl\/wp-content\/uploads\/sites\/2\/2013\/11\/al2-scaled.jpg","type":"image\/jpeg"}],"author":"Adalbert","twitter_card":"summary_large_image","twitter_misc":{"Napisane przez":"Adalbert","Szacowany czas czytania":"9 minut"},"schema":{"@context":"https:\/\/schema.org","@graph":[{"@type":"Article","@id":"https:\/\/halotan.net\/pl\/wywiady\/krew-obcych-wywiad-z-alienoil.html#article","isPartOf":{"@id":"https:\/\/halotan.net\/pl\/wywiady\/krew-obcych-wywiad-z-alienoil.html"},"author":{"name":"Adalbert","@id":"https:\/\/halotan.net\/pl\/#\/schema\/person\/1212c49464166828e0b666b29bbba31c"},"headline":"Krew obcych &#8211; wywiad z Alienoil","datePublished":"2013-11-20T23:31:52+00:00","mainEntityOfPage":{"@id":"https:\/\/halotan.net\/pl\/wywiady\/krew-obcych-wywiad-z-alienoil.html"},"wordCount":1728,"publisher":{"@id":"https:\/\/halotan.net\/pl\/#organization"},"image":{"@id":"https:\/\/halotan.net\/pl\/wywiady\/krew-obcych-wywiad-z-alienoil.html#primaryimage"},"thumbnailUrl":"https:\/\/halotan.net\/pl\/wp-content\/uploads\/sites\/2\/2013\/11\/al2-scaled.jpg","keywords":["Alienoil","wywiad"],"articleSection":["Wywiady"],"inLanguage":"pl-PL"},{"@type":"WebPage","@id":"https:\/\/halotan.net\/pl\/wywiady\/krew-obcych-wywiad-z-alienoil.html","url":"https:\/\/halotan.net\/pl\/wywiady\/krew-obcych-wywiad-z-alienoil.html","name":"Krew obcych - wywiad z Alienoil - Halotan Records PL","isPartOf":{"@id":"https:\/\/halotan.net\/pl\/#website"},"primaryImageOfPage":{"@id":"https:\/\/halotan.net\/pl\/wywiady\/krew-obcych-wywiad-z-alienoil.html#primaryimage"},"image":{"@id":"https:\/\/halotan.net\/pl\/wywiady\/krew-obcych-wywiad-z-alienoil.html#primaryimage"},"thumbnailUrl":"https:\/\/halotan.net\/pl\/wp-content\/uploads\/sites\/2\/2013\/11\/al2-scaled.jpg","datePublished":"2013-11-20T23:31:52+00:00","description":"Wywiad z Alienoil, zespo\u0142em stworzonym przez dwie indywidualno\u015bci polskiej mrocznej sceny: Agat\u0119 Paw\u0142owicz i Macieja Niedzielskiego.","inLanguage":"pl-PL","potentialAction":[{"@type":"ReadAction","target":["https:\/\/halotan.net\/pl\/wywiady\/krew-obcych-wywiad-z-alienoil.html"]}]},{"@type":"ImageObject","inLanguage":"pl-PL","@id":"https:\/\/halotan.net\/pl\/wywiady\/krew-obcych-wywiad-z-alienoil.html#primaryimage","url":"https:\/\/halotan.net\/pl\/wp-content\/uploads\/sites\/2\/2013\/11\/al2-scaled.jpg","contentUrl":"https:\/\/halotan.net\/pl\/wp-content\/uploads\/sites\/2\/2013\/11\/al2-scaled.jpg","width":2560,"height":1871},{"@type":"WebSite","@id":"https:\/\/halotan.net\/pl\/#website","url":"https:\/\/halotan.net\/pl\/","name":"Halotan Records PL","description":"","publisher":{"@id":"https:\/\/halotan.net\/pl\/#organization"},"potentialAction":[{"@type":"SearchAction","target":{"@type":"EntryPoint","urlTemplate":"https:\/\/halotan.net\/pl\/?s={search_term_string}"},"query-input":{"@type":"PropertyValueSpecification","valueRequired":true,"valueName":"search_term_string"}}],"inLanguage":"pl-PL"},{"@type":"Organization","@id":"https:\/\/halotan.net\/pl\/#organization","name":"Halotan Records PL","url":"https:\/\/halotan.net\/pl\/","logo":{"@type":"ImageObject","inLanguage":"pl-PL","@id":"https:\/\/halotan.net\/pl\/#\/schema\/logo\/image\/","url":"https:\/\/halotan.net\/pl\/wp-content\/uploads\/sites\/2\/2024\/11\/cropped-halotan-records-logo.png","contentUrl":"https:\/\/halotan.net\/pl\/wp-content\/uploads\/sites\/2\/2024\/11\/cropped-halotan-records-logo.png","width":534,"height":174,"caption":"Halotan Records PL"},"image":{"@id":"https:\/\/halotan.net\/pl\/#\/schema\/logo\/image\/"},"sameAs":["https:\/\/www.facebook.com\/halotan","https:\/\/youtube.com\/@halotanrecords"]},{"@type":"Person","@id":"https:\/\/halotan.net\/pl\/#\/schema\/person\/1212c49464166828e0b666b29bbba31c","name":"Adalbert","url":"https:\/\/halotan.net\/pl\/author\/adalbert"}]}},"_links":{"self":[{"href":"https:\/\/halotan.net\/pl\/wp-json\/wp\/v2\/posts\/2179","targetHints":{"allow":["GET"]}}],"collection":[{"href":"https:\/\/halotan.net\/pl\/wp-json\/wp\/v2\/posts"}],"about":[{"href":"https:\/\/halotan.net\/pl\/wp-json\/wp\/v2\/types\/post"}],"author":[{"embeddable":true,"href":"https:\/\/halotan.net\/pl\/wp-json\/wp\/v2\/users\/3"}],"replies":[{"embeddable":true,"href":"https:\/\/halotan.net\/pl\/wp-json\/wp\/v2\/comments?post=2179"}],"version-history":[{"count":0,"href":"https:\/\/halotan.net\/pl\/wp-json\/wp\/v2\/posts\/2179\/revisions"}],"wp:featuredmedia":[{"embeddable":true,"href":"https:\/\/halotan.net\/pl\/wp-json\/wp\/v2\/media\/2188"}],"wp:attachment":[{"href":"https:\/\/halotan.net\/pl\/wp-json\/wp\/v2\/media?parent=2179"}],"wp:term":[{"taxonomy":"category","embeddable":true,"href":"https:\/\/halotan.net\/pl\/wp-json\/wp\/v2\/categories?post=2179"},{"taxonomy":"post_tag","embeddable":true,"href":"https:\/\/halotan.net\/pl\/wp-json\/wp\/v2\/tags?post=2179"}],"curies":[{"name":"wp","href":"https:\/\/api.w.org\/{rel}","templated":true}]}}