{"id":2198,"date":"2013-11-25T18:22:36","date_gmt":"2013-11-25T18:22:36","guid":{"rendered":"http:\/\/halotan.net\/?p=2198"},"modified":"2013-11-25T18:22:36","modified_gmt":"2013-11-25T18:22:36","slug":"wywiad-z-black-tower","status":"publish","type":"post","link":"https:\/\/halotan.net\/pl\/wywiady\/wywiad-z-black-tower.html","title":{"rendered":"R\u00f3\u017cne stany \u015bwiadomo\u015bci &#8211; wywiad z Black Tower"},"content":{"rendered":"<div class=\"intro\">Black Tower nie s\u0105 nowicjuszami na polskiej scenie dark independent. Powstali w 2003 roku w Gliwicach i od tego czasu wydali bardzo dobrze przyj\u0119ty materia\u0142 demo &#8222;Nienazwany&#8221; i album &#8222;Hybryda&#8221;, kt\u00f3ry spotka\u0142 si\u0119 z \u00a0jeszcze lepszym odzewem. Ich nowy album &#8222;Inerya&#8221; zosta\u0142 w\u0142a\u015bnie uko\u0144czony i w najbli\u017cszym czasie uka\u017ce si\u0119 nak\u0142adem Halotan Records. P\u0142yta ta powinna przypa\u015b\u0107 do gustu wszystkim tym, kt\u00f3rzy ceni\u0105 sobie mroczn\u0105 elektronik\u0119, kt\u00f3ra nadaje si\u0119 zar\u00f3wno do kontemplacji w domowym zaciszu, jak i na parkiet. Bracia Mariusz i Arkadiusz Grajko, cz\u0142onkowie Black Tower, zgodzili si\u0119 nam opowiedzie\u0107 co nieco o tym wydawnictwie i o swoim projekcie w og\u00f3le. <\/div>\n\n\n<p>[halobox46]<\/p>\n\n\n\n<p><strong>Adalbert: Sporo czasu min\u0119\u0142o od premiery \u201eHybrydy\u201d, b\u0119dzie z pi\u0119\u0107 lat. Jednak ten czas nie poszed\u0142 na marne, \u201eInerya\u201d to pi\u0119\u0107dziesi\u0105t minut zwartych, przebojowych (jak na dark independent) kompozycji, o &nbsp;intryguj\u0105cej atmosferze i pewnym potencjale tanecznym. A wy jeste\u015bcie zadowoleni z tego kr\u0105\u017cka? <\/strong><\/p>\n\n\n\n<p><strong>Arek:<\/strong> Nie zmarnowali\u015bmy tego czasu. Nie sztuk\u0105 jest zrobi\u0107 szybko now\u0105 p\u0142yt\u0119. Wyzwanie to wyrwanie si\u0119 z szablonu angloj\u0119zycznej sceny i stworzenie czego\u015b, co b\u0119dzie oryginalne i zrozumia\u0142e dla polskiego fana dark independent.<\/p>\n\n\n\n<p><strong>Mariusz:<\/strong> Zamierzony cel zosta\u0142 osi\u0105gni\u0119ty, a opini\u0119 jak zawsze pozostawimy s\u0142uchaczom.<\/p>\n\n\n\n<p><strong>Adalbert: Jak wygl\u0105da\u0142 proces tworzenia materia\u0142u na album \u201eInerya\u201d? Skondensowany przyp\u0142yw tw\u00f3rczych mocy, czy jest to raczej rodzaj \u201emuzycznego pami\u0119tnika\u201d ostatnich kilku lat? <\/strong><\/p>\n\n\n\n<p><strong>Arek:<\/strong> W wolnych chwilach siadam i komponuj\u0119. Z tygla pomys\u0142\u00f3w wybieramy te najlepsze i wtedy dopiero zaczyna si\u0119 zabawa.<\/p>\n\n\n\n<p><strong>Mariusz:<\/strong> Potem jest s\u0142owo. I tu w ca\u0142o\u015bci opieramy si\u0119 na pomys\u0142ach Edyty (Wierzbickiej &#8211; przyp. Adalbert&nbsp;), kt\u00f3ra pisze nam teksty od czas\u00f3w Hybrydy. Moim zadaniem jest interpretacja, przetworzenie tego w muzyczne cia\u0142.<\/p>\n\n\n<div class=\"quotebox quotebox_context_left\">Wa\u017cna jest r\u00f3wnowaga nawet, je\u015bli masz do czynienia z wykr\u0119conymi d\u017awi\u0119kami<\/div>\n\n\n\n<p><strong> Adalbert: &nbsp;Jeste\u015bcie stricte elektronicznym zespo\u0142em, ale moim zdaniem nad wasz\u0105 muzyk\u0105 unosi si\u0119 duch staroszkolnego grania lat osiemdziesi\u0105tych\/dziewi\u0119\u0107dziesi\u0105tych, kt\u00f3ry stawia przede wszystkim na mroczny klimat i niepokoj\u0105ce teksty. Czujecie si\u0119 kontynuatorami tradycji gotyckiej\/zimno falowej\/new romantic, czy mo\u017ce nie obchodz\u0105 was takie szufladki i po prostu \u201etak wysz\u0142o\u201d?<\/strong><\/p>\n\n\n\n<p><strong>Arek:<\/strong> Zrozumia\u0142e jest, \u017ce w naszej muzyce odnajdziesz wp\u0142yw lat 80\/90. Przecie\u017c to one kszta\u0142towa\u0142y nasz muzyczny gust. Ale dzi\u0119ki nowoczesnym instrumentom mo\u017cemy doda\u0107 co\u015b swojego, nowatorskiego, szanuj\u0105c jednocze\u015bnie dorobek tych, kt\u00f3rzy byli przed nami.<\/p>\n\n\n\n<p><strong>Mariusz: &nbsp;<\/strong>Hipokryzj\u0105 by\u0142oby twierdzenie, \u017ce odcinamy si\u0119 od tego, co wcze\u015bniej dzia\u0142o si\u0119 w muzyce elektronicznej. \u015awiat d\u017awi\u0119k\u00f3w jest dla wszystkich, pozwala bra\u0107 i dawa\u0107. My po prostu robimy swoje.<\/p>\n\n\n<fb:like-box class=\"likebox_context_full\" href=\"http:\/\/www.facebook.com\/pages\/Black-Tower\/128203270573159\" width=\"620\" show_faces=\"true\" stream=\"false\" header=\"false\"><\/fb:like-box>\n\n\n\n<figure class=\"wp-block-image alignleft\"><a href=\"http:\/\/halotan.net\/wp-content\/uploads\/2013\/11\/black_tower_okladka.jpg\"><img loading=\"lazy\" decoding=\"async\" width=\"1024\" height=\"1024\" src=\"http:\/\/halotan.net\/wp-content\/uploads\/2013\/11\/black_tower_okladka-1024x1024.jpg\" alt=\"black_tower_okladka\" class=\"wp-image-2201\" srcset=\"https:\/\/halotan.net\/pl\/wp-content\/uploads\/sites\/2\/2013\/11\/black_tower_okladka-1024x1024.jpg 1024w, https:\/\/halotan.net\/pl\/wp-content\/uploads\/sites\/2\/2013\/11\/black_tower_okladka-300x300.jpg 300w, https:\/\/halotan.net\/pl\/wp-content\/uploads\/sites\/2\/2013\/11\/black_tower_okladka-150x150.jpg 150w, https:\/\/halotan.net\/pl\/wp-content\/uploads\/sites\/2\/2013\/11\/black_tower_okladka-768x768.jpg 768w, https:\/\/halotan.net\/pl\/wp-content\/uploads\/sites\/2\/2013\/11\/black_tower_okladka.jpg 1488w\" sizes=\"auto, (max-width: 1024px) 100vw, 1024px\" \/><\/a><\/figure>\n\n\n\n<p><strong>Adalbert: Wasze numery s\u0105 dosy\u0107 bezpo\u015brednie muzycznie \u2013 wyrazisty bas, zapami\u0119tywana, pos\u0119pna melodia plus mroczny wokal &#8211; \u017cadnych zb\u0119dnych przerywnik\u00f3w. W\u0142a\u015bnie w takiej formie odnajdujecie si\u0119 najlepiej?<\/strong><\/p>\n\n\n\n<p><strong>Arek:<\/strong>&nbsp;Raczej tak, cho\u0107 kusi ogromne spectrum mo\u017cliwo\u015bci technicznych. Przedobrzenie wi\u0105\u017ce si\u0119 jednak z chaosem, a to ju\u017c nie jest fajne.<\/p>\n\n\n\n<p><strong>Mariusz:<\/strong>&nbsp;,,\u017badnej zb\u0119dnej filozofii\u201d. &nbsp;Wa\u017cna jest r\u00f3wnowaga nawet, je\u015bli masz do czynienia z wykr\u0119conymi d\u017awi\u0119kami.<\/p>\n\n\n\n<p><strong>Adalbert: Black Tower jest tylko do s\u0142uchania, czy te\u017c do zabawy? Pytam, bo takie numeryz nowej p\u0142yty jak \u201eDiabe\u0142 w nim\u201d, \u201eInerya\u201d, \u201eFeniks\u201d, czy \u201eKardio\u201d maj\u0105 bardzo klubowy potencja\u0142. W og\u00f3le chcia\u0142em zapyta\u0107, czy celowo tak podbili\u015bcie tempo i bas, wydawa\u0142o mi si\u0119, \u017ce kiedy\u015b te elementy by\u0142y odrobin\u0119 mniej wyeksponowane. <\/strong><\/p>\n\n\n\n<p><strong>Arek<\/strong>: ,,Hybryda\u201d by\u0142a nastrojowa i pos\u0119pna, a nawet momentami melancholijna. ,,Inerya\u201d dalej pozostaje w mrocznym klimacie, ale przyspiesza do tempa, w kt\u00f3rym \u017cyjemy na co dzie\u0144. A wi\u0119c tym razem materia\u0142 jest ostrzejszy, bardziej dynamiczny, oparty na transowych&nbsp; riffach.<\/p>\n\n\n\n<p><strong>Mariusz:<\/strong> Lubi\u0119, gdy ludzie nie tylko s\u0142uchaj\u0105, a r\u00f3wnie\u017c bawi\u0105 si\u0119 przy naszej muzyce. Szczeg\u00f3lnie, gdy gramy koncerty.<\/p>\n\n\n<div class=\"quotebox quotebox_context_left\">Nasza muzyka, to r\u00f3\u017cne stany \u015bwiadomo\u015bci \u2013 je\u015bli trzeba dopierdzieli\u0107, to robimy to najlepiej jak umiemy. Je\u015bli szukamy oddechu, jeste\u015bmy jak u\u015bpieni<\/div>\n\n\n\n<p><strong>Adalbert: &nbsp;Dla porz\u0105dku dodam, \u017ce w utworach w \u015brednich tempach, gdzie atmosfera szczeg\u00f3lnie g\u0119stnieje (\u201eU\u015bpieni\u201d, \u201eInny\u201d \u2013 szczeg\u00f3lnie remix) te\u017c czujecie jak ryba w wodzie\u2026 Bo \u201eInerya\u201d to kr\u0105\u017cek zr\u00f3\u017cnicowany, chyba nie kr\u0119ci was jednostajna m\u0142\u00f3cka? <\/strong><\/p>\n\n\n\n<p><strong>Arek:<\/strong> Jednostajna nie, ale dobrze zrobiona &#8211; nie boli.<\/p>\n\n\n\n<p><strong> Mariusz:<\/strong> Nasza muzyka, to r\u00f3\u017cne stany \u015bwiadomo\u015bci \u2013 je\u015bli trzeba dopierdzieli\u0107, to robimy to najlepiej jak umiemy. Je\u015bli szukamy oddechu, jeste\u015bmy jak \u201eu\u015bpieni\u201d.<\/p>\n\n\n\n<p><strong>Adalbert: Jacy\u015b muzyczni faworyci z ostatniego kr\u0105\u017cka? Numery, kt\u00f3re s\u0105 szczeg\u00f3lnie wa\u017cne? <\/strong><\/p>\n\n\n\n<p><strong>Arek:<\/strong> Wszystkie utwory z tej p\u0142yty s\u0105 dla mnie wa\u017cne,&nbsp; bo nada\u0142em im szczeg\u00f3lny, osobisty charakter.<\/p>\n\n\n\n<p><strong>Mariusz:<\/strong> \u201eU\u015bpieni\u201d, \u201eInny\u201d, ,,Duch\u201d i \u201eFeniks\u201d \u2013 to moi faworyci.<\/p>\n\n\n\n<figure class=\"wp-block-image alignleft\"><a href=\"http:\/\/halotan.net\/wp-content\/uploads\/2012\/11\/black-tower-live.jpg\"><img decoding=\"async\" src=\"http:\/\/halotan.net\/wp-content\/uploads\/2012\/11\/black-tower-live.jpg\" alt=\"black-tower-live\" class=\"wp-image-1830\" \/><\/a><\/figure>\n\n\n\n<p><strong>Adalbert: Czy mo\u017cna si\u0119 spodziewa\u0107 jakiego\u015b teledysku? Pytam, bo macie na swoim koncie kilka bardzo udanych obrazk\u00f3w, np. do utworu \u201eQuo\u201d. <\/strong><\/p>\n\n\n\n<p><strong>Mariusz:<\/strong> &nbsp;Obiecujemy, \u017ce w najbli\u017cszym czasie zaczniemy prac\u0119 nad clipem. Jeste\u015bmy te\u017c otwarci na propozycje wszystkich zainspirowanych Inery\u0105, kt\u00f3rzy chcieliby stworzy\u0107 do niej ciekawe obrazy.<\/p>\n\n\n\n<p><strong> Adalbert: &nbsp;\u201eI ta\u0144cz\u0105 mary, brodz\u0105 w popio\u0142ach \u2013 a moja wie\u017ca trwa\u201d \u2013 takie s\u0142owa padaj\u0105 w utworze \u201eCzarna wie\u017ca\u201d . Przekuwacie niepok\u00f3j i melancholi\u0119 na co\u015b ponadczasowego?<\/strong><\/p>\n\n\n\n<p><strong> Arek:<\/strong> Tylko bogom co boskie. Nie pr\u00f3bujemy \u015bciga\u0107 si\u0119 z czasem, nie tworzymy uniwersali\u00f3w, kt\u00f3re nie strac\u0105 na swojej aktualno\u015bci za jaki\u015b czas. Opowiadamy o tym co tu i teraz.<\/p>\n\n\n\n<p><strong>Mariusz:<\/strong> M\u00f3wimy o \u015bwiecie, kt\u00f3ry jest tak powykrzywiany od stereotyp\u00f3w, \u017ce zupe\u0142nie nie potrzeba mu kolejnych. A je\u015bli ju\u017c co\u015b musi przetrwa\u0107, to niech przetrwa muzyka. Temat sam si\u0119 stworzy.<\/p>\n\n\n<p>[yframe url=&#8217;http:\/\/www.youtube.com\/watch?v=3ackEOSLBOI&#8217;]<\/p>\n\n\n\n<p><strong> Adalbert: W og\u00f3le sk\u0105d si\u0119 bior\u0105 tekst Black Tower? Powstaj\u0105 jako uzupe\u0142nienie muzyki, czy raczej rodz\u0105 si\u0119 niezale\u017cnie?<\/strong><\/p>\n\n\n<div class=\"quotebox quotebox_context_left\"> Utwory Black Tower to sk\u0142adowa trzech niezale\u017cnych \u017cywio\u0142\u00f3w, kt\u00f3re ostatecznie musz\u0105 doj\u015b\u0107 do porozumienia<\/div>\n\n\n\n<p><strong>Arek:<\/strong> Utwory Black Tower to sk\u0142adowa trzech niezale\u017cnych \u017cywio\u0142\u00f3w, kt\u00f3re ostatecznie musz\u0105 doj\u015b\u0107 do porozumienia. Co ciekawe \u2013 teksty pisze kobieta, raz po raz cz\u0119stowana ci\u0119\u017carem moich brzmie\u0144. Czasami jednak, to ja dostosowuje si\u0119 do \u015bwiata, kt\u00f3ry ona wykreowa\u0142a i dopisuj\u0119 muzyk\u0119.<\/p>\n\n\n\n<p><strong>Mariusz:<\/strong> A ja musz\u0119 sta\u0107 si\u0119 twarz\u0105 i g\u0142osem tego \u015bwiata.<\/p>\n\n\n\n<p><strong> Adalbert: Zostawmy na chwil\u0119 temat ostatniej p\u0142yty. Jakie by\u0142y pocz\u0105tki waszego grania, co was nak\u0142oni\u0142o do tworzenia?<\/strong><\/p>\n\n\n\n<p><strong> Arek:<\/strong> My gramy od bajtla. Zawsze byle co by\u0142o potencjalnym instrumentem- nawet to, co narysowane.&nbsp; Na pocz\u0105tku by\u0142o ci\u0119\u017cko- brakowa\u0142o sprz\u0119tu, sali pr\u00f3b. Pierwsze prawdziwe syntezatory po\u017cyczali\u015bmy od kumpla, a te w\u0142asne zakupili\u015bmy za pieni\u0105dze zarobione po godzinach- najcz\u0119\u015bciej podczas remont\u00f3w. Z czasem dorobili\u015bmy si\u0119 miejsc\u00f3wki w Gliwickim Domu Kultury i tam pozostali\u015bmy do dzisiaj.<\/p>\n\n\n\n<p><strong>Mariusz:<\/strong> Eksperymentowali\u015bmy &#8211; wsp\u00f3\u0142pracowali z nami r\u00f3\u017cni muzycy, ale ostatecznie pozostali\u015bmy w pierwotnym sk\u0142adzie.<\/p>\n\n\n\n<p><strong>Adalbert: Czy s\u0105 dla was jacy\u015b szczeg\u00f3lnie wa\u017cni tw\u00f3rcy? Nie musz\u0105 to muzycy, pytam po prostu o szeroko poj\u0119te inspiracje.<\/strong><\/p>\n\n\n\n<p><strong> Mariusz:<\/strong> Nie ukrywamy tego, \u017ce jeste\u015bmy fanami takich zespo\u0142\u00f3w jak Depeche Mode, Joy Division, The Cure, Clan of Xymox, czy Camouflage. Inspiruje nas te\u017c kino, zw\u0142aszcza to z gatunku science fiction.<\/p>\n\n\n\n<figure class=\"wp-block-image alignleft\"><a href=\"http:\/\/halotan.net\/wp-content\/uploads\/2012\/11\/black-tower.jpg\"><img decoding=\"async\" src=\"http:\/\/halotan.net\/wp-content\/uploads\/2012\/11\/black-tower.jpg\" alt=\"black tower\" class=\"wp-image-1837\" \/><\/a><\/figure>\n\n\n\n<p><strong>Adalbert: Powstali\u015bcie w 2003 roku, jak podsumowaliby\u015bcie ten czas? Z jakim odbiorem do tej pory si\u0119 spotkali\u015bcie?<\/strong><\/p>\n\n\n\n<p><strong>Mariusz:<\/strong> G\u0142\u0119boko wierzymy, \u017ce to jeszcze nie jest czas na podsumowania. To stan pewnej dojrza\u0142o\u015bci muzycznej, kt\u00f3r\u0105 w ca\u0142o\u015bci definiuje nowa p\u0142yta. To starcie dw\u00f3ch braterskich charakter\u00f3w, kt\u00f3rych nie spos\u00f3b opisa\u0107.<\/p>\n\n\n\n<p><strong> Arek:<\/strong> Ta p\u0142yta to my \u2013 obdarci z m\u0142odzie\u0144czej naiwno\u015bci, wyposa\u017ceni w mnogo\u015b\u0107 do\u015bwiadcze\u0144. Gotowi na ocen\u0119 ludzi, kt\u00f3rzy zechc\u0105 zajrze\u0107 w ten \u015bwiat.<\/p>\n\n\n<div class=\"quotebox quotebox_context_left\">Dark Independent ci\u0105gle jeszcze opiera si\u0119 komercji, nie idzie na skr\u00f3ty. Nie szuka na si\u0142\u0119 publiczno\u015bci. Sprawia, \u017ce ta publiczno\u015b\u0107 pojawia si\u0119 sama, gotowa tworzy\u0107 co\u015b razem<\/div>\n\n\n\n<p><strong>Adalbert: Czasami koncertujecie, mo\u017cna by\u0142o was zobaczy\u0107 np. na Castle Party. Ale mimo wszystko chyba dosy\u0107 rzadko, nie korci was, \u017ceby troszk\u0119 cz\u0119\u015bciej prezentowa\u0107 si\u0119&nbsp; na \u017cywo? A mo\u017ce nie przepadacie, za koncertowaniem \u2013 s\u0105 tacy tw\u00f3rcy elektroniczni, kt\u00f3rzy uwa\u017caj\u0105, \u017ce lepiej pozosta\u0107 w \u015bwiecie nagra\u0144 studyjnych. <\/strong><\/p>\n\n\n\n<p><strong>Arek:<\/strong> Nawet gdyby\u015bmy chcieli cz\u0119sto koncertowa\u0107, to z do\u015bwiadczenia wiemy, \u017ce nie mo\u017ce to by\u0107 jedyny spos\u00f3b na \u017cycie. Muzyka to nasza pasja, chocia\u017c cenimy sobie ka\u017cdy kontakt z publiczno\u015bci\u0105 i tego nigdy za wiele.<\/p>\n\n\n\n<p><strong>Adalbert: &nbsp;&nbsp;I na koniec pytanie o polsk\u0105 scen\u0119 Dark Independent, na kt\u00f3rej jeste\u015bcie ju\u017c 10 lat. Co o niej s\u0105dzicie? Jest w niej co\u015b unikatowego, czy mo\u017ce wi\u0119cej na niej szeroko poj\u0119tej odtw\u00f3rczo\u015bci? <\/strong><\/p>\n\n\n\n<p><strong>Arek:<\/strong> Ten rodzaj muzyki jest ci\u0105gle jeszcze gdzie\u015b obok wielkich, masowych gatunk\u00f3w. I mo\u017ce to w\u0142a\u015bnie wp\u0142ywa na jego elitarno\u015b\u0107. Na to, \u017ce nie ka\u017cdy mo\u017ce z nim dyskutowa\u0107 i go ocenia\u0107.<\/p>\n\n\n\n<p><strong> Mariusz:<\/strong> Dark Independent ci\u0105gle jeszcze opiera si\u0119 komercji, nie idzie na skr\u00f3ty. Nie szuka na si\u0142\u0119 publiczno\u015bci. Sprawia, \u017ce ta publiczno\u015b\u0107 pojawia si\u0119 sama, gotowa tworzy\u0107 co\u015b razem.<\/p>\n\n\n\n<p><strong>Adalbert: &nbsp;To by by\u0142o na tyle, dzi\u0119ki na wywiad. Mam nadziej\u0119, \u017ce wiele os\u00f3b da szans\u0119 \u201eIneryi\u201d, bo to \u015bwietny materia\u0142 i warto si\u0119 w nim zanurzy\u0107.<\/strong><\/p>\n\n\n<p>[yframe url=&#8217;http:\/\/www.youtube.com\/watch?v=xM4bGwojIOo&#8217;]<\/p>\n","protected":false},"excerpt":{"rendered":"<p>Adalbert: Sporo czasu min\u0119\u0142o od premiery \u201eHybrydy\u201d, b\u0119dzie z pi\u0119\u0107 lat. Jednak ten czas nie poszed\u0142 na marne, \u201eInerya\u201d to [&hellip;]<\/p>\n","protected":false},"author":3,"featured_media":2199,"comment_status":"closed","ping_status":"closed","sticky":false,"template":"","format":"standard","meta":{"site-sidebar-layout":"default","site-content-layout":"","ast-site-content-layout":"default","site-content-style":"default","site-sidebar-style":"default","ast-global-header-display":"","ast-banner-title-visibility":"","ast-main-header-display":"","ast-hfb-above-header-display":"","ast-hfb-below-header-display":"","ast-hfb-mobile-header-display":"","site-post-title":"","ast-breadcrumbs-content":"","ast-featured-img":"","footer-sml-layout":"","ast-disable-related-posts":"","theme-transparent-header-meta":"","adv-header-id-meta":"","stick-header-meta":"","header-above-stick-meta":"","header-main-stick-meta":"","header-below-stick-meta":"","astra-migrate-meta-layouts":"default","ast-page-background-enabled":"default","ast-page-background-meta":{"desktop":{"background-color":"var(--ast-global-color-4)","background-image":"","background-repeat":"repeat","background-position":"center center","background-size":"auto","background-attachment":"scroll","background-type":"","background-media":"","overlay-type":"","overlay-color":"","overlay-opacity":"","overlay-gradient":""},"tablet":{"background-color":"","background-image":"","background-repeat":"repeat","background-position":"center center","background-size":"auto","background-attachment":"scroll","background-type":"","background-media":"","overlay-type":"","overlay-color":"","overlay-opacity":"","overlay-gradient":""},"mobile":{"background-color":"","background-image":"","background-repeat":"repeat","background-position":"center center","background-size":"auto","background-attachment":"scroll","background-type":"","background-media":"","overlay-type":"","overlay-color":"","overlay-opacity":"","overlay-gradient":""}},"ast-content-background-meta":{"desktop":{"background-color":"var(--ast-global-color-5)","background-image":"","background-repeat":"repeat","background-position":"center center","background-size":"auto","background-attachment":"scroll","background-type":"","background-media":"","overlay-type":"","overlay-color":"","overlay-opacity":"","overlay-gradient":""},"tablet":{"background-color":"var(--ast-global-color-5)","background-image":"","background-repeat":"repeat","background-position":"center center","background-size":"auto","background-attachment":"scroll","background-type":"","background-media":"","overlay-type":"","overlay-color":"","overlay-opacity":"","overlay-gradient":""},"mobile":{"background-color":"var(--ast-global-color-5)","background-image":"","background-repeat":"repeat","background-position":"center center","background-size":"auto","background-attachment":"scroll","background-type":"","background-media":"","overlay-type":"","overlay-color":"","overlay-opacity":"","overlay-gradient":""}},"footnotes":""},"categories":[55],"tags":[28],"class_list":["post-2198","post","type-post","status-publish","format-standard","has-post-thumbnail","hentry","category-wywiady","tag-black-tower"],"yoast_head":"<!-- This site is optimized with the Yoast SEO plugin v27.0 - https:\/\/yoast.com\/product\/yoast-seo-wordpress\/ -->\n<title>R\u00f3\u017cne stany \u015bwiadomo\u015bci - wywiad z Black Tower - Halotan Records PL<\/title>\n<meta name=\"description\" content=\"Bracia Mariusz i Arkadiusz Grajko, cz\u0142onkowie Black Tower, zgodzili si\u0119 nam opowiedzie\u0107 co nieco o nowym wydawnictwie &quot;Inerya&quot; i o swoim projekcie w og\u00f3le.\" \/>\n<meta name=\"robots\" content=\"index, follow, max-snippet:-1, max-image-preview:large, max-video-preview:-1\" \/>\n<link rel=\"canonical\" href=\"https:\/\/halotan.net\/pl\/wywiady\/wywiad-z-black-tower.html\" \/>\n<meta property=\"og:locale\" content=\"pl_PL\" \/>\n<meta property=\"og:type\" content=\"article\" \/>\n<meta property=\"og:title\" content=\"R\u00f3\u017cne stany \u015bwiadomo\u015bci - wywiad z Black Tower - Halotan Records PL\" \/>\n<meta property=\"og:description\" content=\"Bracia Mariusz i Arkadiusz Grajko, cz\u0142onkowie Black Tower, zgodzili si\u0119 nam opowiedzie\u0107 co nieco o nowym wydawnictwie &quot;Inerya&quot; i o swoim projekcie w og\u00f3le.\" \/>\n<meta property=\"og:url\" content=\"https:\/\/halotan.net\/pl\/wywiady\/wywiad-z-black-tower.html\" \/>\n<meta property=\"og:site_name\" content=\"Halotan Records PL\" \/>\n<meta property=\"article:publisher\" content=\"https:\/\/www.facebook.com\/halotan\" \/>\n<meta property=\"article:published_time\" content=\"2013-11-25T18:22:36+00:00\" \/>\n<meta property=\"og:image\" content=\"https:\/\/halotan.net\/pl\/wp-content\/uploads\/sites\/2\/2013\/11\/DDDDD.jpg\" \/>\n\t<meta property=\"og:image:width\" content=\"1754\" \/>\n\t<meta property=\"og:image:height\" content=\"1240\" \/>\n\t<meta property=\"og:image:type\" content=\"image\/jpeg\" \/>\n<meta name=\"author\" content=\"Adalbert\" \/>\n<meta name=\"twitter:card\" content=\"summary_large_image\" \/>\n<meta name=\"twitter:label1\" content=\"Napisane przez\" \/>\n\t<meta name=\"twitter:data1\" content=\"Adalbert\" \/>\n\t<meta name=\"twitter:label2\" content=\"Szacowany czas czytania\" \/>\n\t<meta name=\"twitter:data2\" content=\"8 minut\" \/>\n<script type=\"application\/ld+json\" class=\"yoast-schema-graph\">{\"@context\":\"https:\/\/schema.org\",\"@graph\":[{\"@type\":\"Article\",\"@id\":\"https:\/\/halotan.net\/pl\/wywiady\/wywiad-z-black-tower.html#article\",\"isPartOf\":{\"@id\":\"https:\/\/halotan.net\/pl\/wywiady\/wywiad-z-black-tower.html\"},\"author\":{\"name\":\"Adalbert\",\"@id\":\"https:\/\/halotan.net\/pl\/#\/schema\/person\/1212c49464166828e0b666b29bbba31c\"},\"headline\":\"R\u00f3\u017cne stany \u015bwiadomo\u015bci &#8211; wywiad z Black Tower\",\"datePublished\":\"2013-11-25T18:22:36+00:00\",\"mainEntityOfPage\":{\"@id\":\"https:\/\/halotan.net\/pl\/wywiady\/wywiad-z-black-tower.html\"},\"wordCount\":1661,\"publisher\":{\"@id\":\"https:\/\/halotan.net\/pl\/#organization\"},\"image\":{\"@id\":\"https:\/\/halotan.net\/pl\/wywiady\/wywiad-z-black-tower.html#primaryimage\"},\"thumbnailUrl\":\"https:\/\/halotan.net\/pl\/wp-content\/uploads\/sites\/2\/2013\/11\/DDDDD.jpg\",\"keywords\":[\"black tower\"],\"articleSection\":[\"Wywiady\"],\"inLanguage\":\"pl-PL\"},{\"@type\":\"WebPage\",\"@id\":\"https:\/\/halotan.net\/pl\/wywiady\/wywiad-z-black-tower.html\",\"url\":\"https:\/\/halotan.net\/pl\/wywiady\/wywiad-z-black-tower.html\",\"name\":\"R\u00f3\u017cne stany \u015bwiadomo\u015bci - wywiad z Black Tower - Halotan Records PL\",\"isPartOf\":{\"@id\":\"https:\/\/halotan.net\/pl\/#website\"},\"primaryImageOfPage\":{\"@id\":\"https:\/\/halotan.net\/pl\/wywiady\/wywiad-z-black-tower.html#primaryimage\"},\"image\":{\"@id\":\"https:\/\/halotan.net\/pl\/wywiady\/wywiad-z-black-tower.html#primaryimage\"},\"thumbnailUrl\":\"https:\/\/halotan.net\/pl\/wp-content\/uploads\/sites\/2\/2013\/11\/DDDDD.jpg\",\"datePublished\":\"2013-11-25T18:22:36+00:00\",\"description\":\"Bracia Mariusz i Arkadiusz Grajko, cz\u0142onkowie Black Tower, zgodzili si\u0119 nam opowiedzie\u0107 co nieco o nowym wydawnictwie \\\"Inerya\\\" i o swoim projekcie w og\u00f3le.\",\"breadcrumb\":{\"@id\":\"https:\/\/halotan.net\/pl\/wywiady\/wywiad-z-black-tower.html#breadcrumb\"},\"inLanguage\":\"pl-PL\",\"potentialAction\":[{\"@type\":\"ReadAction\",\"target\":[\"https:\/\/halotan.net\/pl\/wywiady\/wywiad-z-black-tower.html\"]}]},{\"@type\":\"ImageObject\",\"inLanguage\":\"pl-PL\",\"@id\":\"https:\/\/halotan.net\/pl\/wywiady\/wywiad-z-black-tower.html#primaryimage\",\"url\":\"https:\/\/halotan.net\/pl\/wp-content\/uploads\/sites\/2\/2013\/11\/DDDDD.jpg\",\"contentUrl\":\"https:\/\/halotan.net\/pl\/wp-content\/uploads\/sites\/2\/2013\/11\/DDDDD.jpg\",\"width\":1754,\"height\":1240},{\"@type\":\"BreadcrumbList\",\"@id\":\"https:\/\/halotan.net\/pl\/wywiady\/wywiad-z-black-tower.html#breadcrumb\",\"itemListElement\":[{\"@type\":\"ListItem\",\"position\":1,\"name\":\"Home\",\"item\":\"https:\/\/halotan.net\/pl\"},{\"@type\":\"ListItem\",\"position\":2,\"name\":\"R\u00f3\u017cne stany \u015bwiadomo\u015bci &#8211; wywiad z Black Tower\"}]},{\"@type\":\"WebSite\",\"@id\":\"https:\/\/halotan.net\/pl\/#website\",\"url\":\"https:\/\/halotan.net\/pl\/\",\"name\":\"Halotan Records PL\",\"description\":\"\",\"publisher\":{\"@id\":\"https:\/\/halotan.net\/pl\/#organization\"},\"potentialAction\":[{\"@type\":\"SearchAction\",\"target\":{\"@type\":\"EntryPoint\",\"urlTemplate\":\"https:\/\/halotan.net\/pl\/?s={search_term_string}\"},\"query-input\":{\"@type\":\"PropertyValueSpecification\",\"valueRequired\":true,\"valueName\":\"search_term_string\"}}],\"inLanguage\":\"pl-PL\"},{\"@type\":\"Organization\",\"@id\":\"https:\/\/halotan.net\/pl\/#organization\",\"name\":\"Halotan Records PL\",\"url\":\"https:\/\/halotan.net\/pl\/\",\"logo\":{\"@type\":\"ImageObject\",\"inLanguage\":\"pl-PL\",\"@id\":\"https:\/\/halotan.net\/pl\/#\/schema\/logo\/image\/\",\"url\":\"https:\/\/halotan.net\/pl\/wp-content\/uploads\/sites\/2\/2024\/11\/cropped-halotan-records-logo.png\",\"contentUrl\":\"https:\/\/halotan.net\/pl\/wp-content\/uploads\/sites\/2\/2024\/11\/cropped-halotan-records-logo.png\",\"width\":534,\"height\":174,\"caption\":\"Halotan Records PL\"},\"image\":{\"@id\":\"https:\/\/halotan.net\/pl\/#\/schema\/logo\/image\/\"},\"sameAs\":[\"https:\/\/www.facebook.com\/halotan\",\"https:\/\/youtube.com\/@halotanrecords\"]},{\"@type\":\"Person\",\"@id\":\"https:\/\/halotan.net\/pl\/#\/schema\/person\/1212c49464166828e0b666b29bbba31c\",\"name\":\"Adalbert\",\"url\":\"https:\/\/halotan.net\/pl\/author\/adalbert\"}]}<\/script>\n<!-- \/ Yoast SEO plugin. -->","yoast_head_json":{"title":"R\u00f3\u017cne stany \u015bwiadomo\u015bci - wywiad z Black Tower - Halotan Records PL","description":"Bracia Mariusz i Arkadiusz Grajko, cz\u0142onkowie Black Tower, zgodzili si\u0119 nam opowiedzie\u0107 co nieco o nowym wydawnictwie \"Inerya\" i o swoim projekcie w og\u00f3le.","robots":{"index":"index","follow":"follow","max-snippet":"max-snippet:-1","max-image-preview":"max-image-preview:large","max-video-preview":"max-video-preview:-1"},"canonical":"https:\/\/halotan.net\/pl\/wywiady\/wywiad-z-black-tower.html","og_locale":"pl_PL","og_type":"article","og_title":"R\u00f3\u017cne stany \u015bwiadomo\u015bci - wywiad z Black Tower - Halotan Records PL","og_description":"Bracia Mariusz i Arkadiusz Grajko, cz\u0142onkowie Black Tower, zgodzili si\u0119 nam opowiedzie\u0107 co nieco o nowym wydawnictwie \"Inerya\" i o swoim projekcie w og\u00f3le.","og_url":"https:\/\/halotan.net\/pl\/wywiady\/wywiad-z-black-tower.html","og_site_name":"Halotan Records PL","article_publisher":"https:\/\/www.facebook.com\/halotan","article_published_time":"2013-11-25T18:22:36+00:00","og_image":[{"width":1754,"height":1240,"url":"https:\/\/halotan.net\/pl\/wp-content\/uploads\/sites\/2\/2013\/11\/DDDDD.jpg","type":"image\/jpeg"}],"author":"Adalbert","twitter_card":"summary_large_image","twitter_misc":{"Napisane przez":"Adalbert","Szacowany czas czytania":"8 minut"},"schema":{"@context":"https:\/\/schema.org","@graph":[{"@type":"Article","@id":"https:\/\/halotan.net\/pl\/wywiady\/wywiad-z-black-tower.html#article","isPartOf":{"@id":"https:\/\/halotan.net\/pl\/wywiady\/wywiad-z-black-tower.html"},"author":{"name":"Adalbert","@id":"https:\/\/halotan.net\/pl\/#\/schema\/person\/1212c49464166828e0b666b29bbba31c"},"headline":"R\u00f3\u017cne stany \u015bwiadomo\u015bci &#8211; wywiad z Black Tower","datePublished":"2013-11-25T18:22:36+00:00","mainEntityOfPage":{"@id":"https:\/\/halotan.net\/pl\/wywiady\/wywiad-z-black-tower.html"},"wordCount":1661,"publisher":{"@id":"https:\/\/halotan.net\/pl\/#organization"},"image":{"@id":"https:\/\/halotan.net\/pl\/wywiady\/wywiad-z-black-tower.html#primaryimage"},"thumbnailUrl":"https:\/\/halotan.net\/pl\/wp-content\/uploads\/sites\/2\/2013\/11\/DDDDD.jpg","keywords":["black tower"],"articleSection":["Wywiady"],"inLanguage":"pl-PL"},{"@type":"WebPage","@id":"https:\/\/halotan.net\/pl\/wywiady\/wywiad-z-black-tower.html","url":"https:\/\/halotan.net\/pl\/wywiady\/wywiad-z-black-tower.html","name":"R\u00f3\u017cne stany \u015bwiadomo\u015bci - wywiad z Black Tower - Halotan Records PL","isPartOf":{"@id":"https:\/\/halotan.net\/pl\/#website"},"primaryImageOfPage":{"@id":"https:\/\/halotan.net\/pl\/wywiady\/wywiad-z-black-tower.html#primaryimage"},"image":{"@id":"https:\/\/halotan.net\/pl\/wywiady\/wywiad-z-black-tower.html#primaryimage"},"thumbnailUrl":"https:\/\/halotan.net\/pl\/wp-content\/uploads\/sites\/2\/2013\/11\/DDDDD.jpg","datePublished":"2013-11-25T18:22:36+00:00","description":"Bracia Mariusz i Arkadiusz Grajko, cz\u0142onkowie Black Tower, zgodzili si\u0119 nam opowiedzie\u0107 co nieco o nowym wydawnictwie \"Inerya\" i o swoim projekcie w og\u00f3le.","breadcrumb":{"@id":"https:\/\/halotan.net\/pl\/wywiady\/wywiad-z-black-tower.html#breadcrumb"},"inLanguage":"pl-PL","potentialAction":[{"@type":"ReadAction","target":["https:\/\/halotan.net\/pl\/wywiady\/wywiad-z-black-tower.html"]}]},{"@type":"ImageObject","inLanguage":"pl-PL","@id":"https:\/\/halotan.net\/pl\/wywiady\/wywiad-z-black-tower.html#primaryimage","url":"https:\/\/halotan.net\/pl\/wp-content\/uploads\/sites\/2\/2013\/11\/DDDDD.jpg","contentUrl":"https:\/\/halotan.net\/pl\/wp-content\/uploads\/sites\/2\/2013\/11\/DDDDD.jpg","width":1754,"height":1240},{"@type":"BreadcrumbList","@id":"https:\/\/halotan.net\/pl\/wywiady\/wywiad-z-black-tower.html#breadcrumb","itemListElement":[{"@type":"ListItem","position":1,"name":"Home","item":"https:\/\/halotan.net\/pl"},{"@type":"ListItem","position":2,"name":"R\u00f3\u017cne stany \u015bwiadomo\u015bci &#8211; wywiad z Black Tower"}]},{"@type":"WebSite","@id":"https:\/\/halotan.net\/pl\/#website","url":"https:\/\/halotan.net\/pl\/","name":"Halotan Records PL","description":"","publisher":{"@id":"https:\/\/halotan.net\/pl\/#organization"},"potentialAction":[{"@type":"SearchAction","target":{"@type":"EntryPoint","urlTemplate":"https:\/\/halotan.net\/pl\/?s={search_term_string}"},"query-input":{"@type":"PropertyValueSpecification","valueRequired":true,"valueName":"search_term_string"}}],"inLanguage":"pl-PL"},{"@type":"Organization","@id":"https:\/\/halotan.net\/pl\/#organization","name":"Halotan Records PL","url":"https:\/\/halotan.net\/pl\/","logo":{"@type":"ImageObject","inLanguage":"pl-PL","@id":"https:\/\/halotan.net\/pl\/#\/schema\/logo\/image\/","url":"https:\/\/halotan.net\/pl\/wp-content\/uploads\/sites\/2\/2024\/11\/cropped-halotan-records-logo.png","contentUrl":"https:\/\/halotan.net\/pl\/wp-content\/uploads\/sites\/2\/2024\/11\/cropped-halotan-records-logo.png","width":534,"height":174,"caption":"Halotan Records PL"},"image":{"@id":"https:\/\/halotan.net\/pl\/#\/schema\/logo\/image\/"},"sameAs":["https:\/\/www.facebook.com\/halotan","https:\/\/youtube.com\/@halotanrecords"]},{"@type":"Person","@id":"https:\/\/halotan.net\/pl\/#\/schema\/person\/1212c49464166828e0b666b29bbba31c","name":"Adalbert","url":"https:\/\/halotan.net\/pl\/author\/adalbert"}]}},"_links":{"self":[{"href":"https:\/\/halotan.net\/pl\/wp-json\/wp\/v2\/posts\/2198","targetHints":{"allow":["GET"]}}],"collection":[{"href":"https:\/\/halotan.net\/pl\/wp-json\/wp\/v2\/posts"}],"about":[{"href":"https:\/\/halotan.net\/pl\/wp-json\/wp\/v2\/types\/post"}],"author":[{"embeddable":true,"href":"https:\/\/halotan.net\/pl\/wp-json\/wp\/v2\/users\/3"}],"replies":[{"embeddable":true,"href":"https:\/\/halotan.net\/pl\/wp-json\/wp\/v2\/comments?post=2198"}],"version-history":[{"count":0,"href":"https:\/\/halotan.net\/pl\/wp-json\/wp\/v2\/posts\/2198\/revisions"}],"wp:featuredmedia":[{"embeddable":true,"href":"https:\/\/halotan.net\/pl\/wp-json\/wp\/v2\/media\/2199"}],"wp:attachment":[{"href":"https:\/\/halotan.net\/pl\/wp-json\/wp\/v2\/media?parent=2198"}],"wp:term":[{"taxonomy":"category","embeddable":true,"href":"https:\/\/halotan.net\/pl\/wp-json\/wp\/v2\/categories?post=2198"},{"taxonomy":"post_tag","embeddable":true,"href":"https:\/\/halotan.net\/pl\/wp-json\/wp\/v2\/tags?post=2198"}],"curies":[{"name":"wp","href":"https:\/\/api.w.org\/{rel}","templated":true}]}}