{"id":2403,"date":"2014-12-13T17:13:27","date_gmt":"2014-12-13T17:13:27","guid":{"rendered":"http:\/\/halotan.net\/?p=2403"},"modified":"2014-12-13T17:13:27","modified_gmt":"2014-12-13T17:13:27","slug":"za-bardzo-rockowi-za-bardzo-elektroniczni-wywiad-z-black-canvas","status":"publish","type":"post","link":"https:\/\/halotan.net\/pl\/wywiady\/za-bardzo-rockowi-za-bardzo-elektroniczni-wywiad-z-black-canvas.html","title":{"rendered":"Za bardzo rockowi, za bardzo elektroniczni &#8211; wywiad z Black Canvas"},"content":{"rendered":"<div class=\"intro\">Mo\u017cna by napisa\u0107, \u017ce Black Canvas, to m\u0142ody, obiecuj\u0105cy zesp\u00f3\u0142, kt\u00f3ry ma szans\u0119 wpisa\u0107 si\u0119 trwale w krajobraz polskich d\u017awi\u0119k\u00f3w z kr\u0119gu szeroko poj\u0119tego dark independent. Problem w tym, \u017ce zar\u00f3wno debiutancki album &#8222;Musher&#8221;, jak i wydany w\u0142a\u015bnie kr\u0105\u017cek zatytu\u0142owany &#8222;Invoked&#8221; to niezwykle przemy\u015blane i zapadaj\u0105ce w pami\u0119\u0107 pozycje, kt\u00f3re mog\u0142yby sta\u0107 si\u0119 atutem o wiele d\u0142u\u017cej dzia\u0142aj\u0105cych projekt\u00f3w artystycznych. Nie b\u0119dzie zatem przesad\u0105, by ju\u017c teraz uzna\u0107 Black Canvas za jeden z zespo\u0142\u00f3w, kt\u00f3ry mo\u017cna s\u0142ucha\u0107 bez pob\u0142a\u017cliwo\u015bci, kt\u00f3r\u0105 darzy si\u0119 debiutant\u00f3w. Ich muzyka to trudne do opisania po\u0142\u0105czenie rocka i elektroniki, kt\u00f3ra mo\u017ce przypa\u015b\u0107 do gustu wszystkim amatorom mrocznych, d\u017awi\u0119kowych podr\u00f3\u017cy w jedn\u0105 stron\u0119, a szczeg\u00f3lnie tym &nbsp;ceni\u0105cym sobie mroczniejsze oblicze Depeche Mode. Jednak por\u00f3wnanie to s\u0142u\u017cy tylko jako punkt orientacyjny i zaproszenie dla s\u0142uchaczy, bo Black Canvas nikogo nie udaj\u0105, po raz kolejny pokazuj\u0105c kolejne oblicze ich fascynuj\u0105cego, muzycznego \u015bwiata na wyj\u0105tkowo udanym albumie &#8222;Invoked&#8221;. Nie pozosta\u0142o wi\u0119c nic innego, jak dowiedzie\u0107 si\u0119 o tej muzyce wi\u0119cej od samych artyst\u00f3w <\/div>\n\n\n\n<p><strong>A<em>lbum&nbsp;\u201cInvoked\u201d jest &nbsp;dost\u0119pny do pobrania na stronie:<\/em><\/strong> <a href=\"http:\/\/blackcanvas.pl\/\" target=\"_blank\" rel=\"nofollow noopener\">http:\/\/blackcanvas.pl\/<\/a><em><strong> w dziale download.<\/strong><\/em><\/p>\n\n\n<p>[halobox50]<\/p>\n\n\n\n<p><strong>Adalbert: Witajcie, na pocz\u0105tku standardowe pytanie o kr\u00f3tkie przybli\u017cenie sylwetki zespo\u0142u. Jeste\u015bcie z Zabrza, gracie chyba od paru lat, jak wygl\u0105da\u0142y pocz\u0105tki &#8222;Black Canvas&#8221;?<\/strong><\/p>\n\n\n\n<p><strong>Kamil:<\/strong> Cze\u015b\u0107. Z Janem przyja\u017animy si\u0119 od czas\u00f3w liceum, od pocz\u0105tku \u0142\u0105czy\u0142y nas wsp\u00f3lne pasje, w szczeg\u00f3lno\u015bci zami\u0142owanie do muzyki. To by\u0142y bardzo fajne czasy, nasze upodobania pocz\u0105tkowo by\u0142y do\u015b\u0107 odmienne jednak konfrontuj\u0105c je poszerzali\u015bmy swoje horyzonty oraz znajdowali\u015bmy nowe inspiracje. Opr\u00f3cz tego sami pr\u00f3bowali\u015bmy swoich si\u0142 \u2013 ja eksperymentowa\u0142em z muzyk\u0105 elektroniczn\u0105, Janek gra\u0142 w zespole metalowym w kt\u00f3rego sk\u0142ad wchodzi\u0142 mi\u0119dzy innymi Micha\u0142. Pod koniec liceum napisa\u0142em dwie pierwsze piosenki i postanowili\u015bmy po\u0142\u0105czy\u0107 si\u0142y. Wielk\u0105 inspiracj\u0105 by\u0142 dla mnie w tamtych czasach przede wszystkim zesp\u00f3\u0142 Depeche Mode i to okaza\u0142o si\u0119 dla nas metod\u0105 na odnalezienie wsp\u00f3lnej p\u0142aszczyzny.<\/p>\n\n\n\n<p><strong>Jan:<\/strong> Historia jest bardzo prosta. Pewnego dnia Kamil zapyta\u0142 si\u0119 mnie, czy nie chcia\u0142bym za\u015bpiewa\u0107 w jednym z kawa\u0142k\u00f3w kt\u00f3ry napisa\u0142 oraz czy by\u0142bym ch\u0119tny nawi\u0105za\u0107 bardziej d\u0142ugofalow\u0105 wsp\u00f3\u0142prac\u0119. Jako, \u017ce obydwoje byli\u015bmy wtedy zauroczeni Depeche Mode nie by\u0142o nam trudno porozumie\u0107 si\u0119 w kwestiach artystycznych. Za jaki\u015b czas na jednej z imprez u mnie na dzia\u0142ce zaproponowali\u015bmy Micha\u0142owi do\u0142\u0105czenie do sk\u0142adu.<\/p>\n\n\n\n<p><strong>Micha\u0142:<\/strong> Tak jak Kamil wspomnia\u0142, grali\u015bmy z Janem w jednej kapeli. By\u0142y to klimaty black\/death metalowe. W momencie pojawienia si\u0119 propozycji wsp\u00f3lnego grania w Black Canvas nie zastanawia\u0142em si\u0119 zbyt d\u0142ugo poniewa\u017c muzycznie zawsze by\u0142em otwarty na nowe przedsi\u0119wzi\u0119cia. Pierwsze kompozycje przypad\u0142y mi do gustu i tak si\u0119 zacz\u0119\u0142a przygoda z Black Canvas.<\/p>\n\n\n<fb:like-box class=\"likebox_context_full\" href=\"http:\/\/www.facebook.com\/blackcanvasbc\" width=\"620\" show_faces=\"true\" stream=\"false\" header=\"false\"><\/fb:like-box>\n\n\n\n<figure class=\"wp-block-image alignleft\"><a href=\"http:\/\/halotan.net\/wp-content\/uploads\/2014\/12\/Invoked-02.jpg\"><img loading=\"lazy\" decoding=\"async\" width=\"800\" height=\"557\" src=\"http:\/\/halotan.net\/wp-content\/uploads\/2014\/12\/Invoked-02.jpg\" alt=\"Invoked - 02\" class=\"wp-image-2405\" srcset=\"https:\/\/halotan.net\/pl\/wp-content\/uploads\/sites\/2\/2014\/12\/Invoked-02.jpg 800w, https:\/\/halotan.net\/pl\/wp-content\/uploads\/sites\/2\/2014\/12\/Invoked-02-300x209.jpg 300w, https:\/\/halotan.net\/pl\/wp-content\/uploads\/sites\/2\/2014\/12\/Invoked-02-768x535.jpg 768w\" sizes=\"auto, (max-width: 800px) 100vw, 800px\" \/><\/a><\/figure>\n\n\n\n<p><strong>Adalbert: Zbli\u017ca si\u0119 premiera waszego drugiego ju\u017c albumu, czyli &#8222;Invoked&#8221; &#8211; czego mo\u017cna si\u0119 po nim spodziewa\u0107?<\/strong><\/p>\n\n\n\n<p>Kamil: Dla mnie to przede wszystkim bardzo dobry, sp\u00f3jny i klimatyczny album \u0142\u0105cz\u0105cy w sobie elementy muzyki elektronicznej oraz rock\u2019a, warto sprawdzi\u0107 samemu do czego serdecznie zach\u0119cam.<\/p>\n\n\n\n<p><strong>Adalbert: Czym r\u00f3\u017cni\u0142a si\u0119 praca nad tym albumem w stosunku do debiutanckiego &#8222;Musher&#8221;?<\/strong><\/p>\n\n\n\n<p><strong>Kamil:<\/strong> G\u0142\u00f3wna r\u00f3\u017cnica to fakt \u017ce nagrania odbywa\u0142y si\u0119 tym razem w spos\u00f3b profesjonalny co okaza\u0142o si\u0119 tak\u017ce o wiele bardziej czasoch\u0142onne ni\u017c w przypadku pierwszej p\u0142yty. Same przygotowania do nagra\u0144 zaj\u0119\u0142y nam dwa miesi\u0105ce, musieli\u015bmy si\u0119 na nowo zaaklimatyzowa\u0107.<\/p>\n\n\n<div class=\"quotebox quotebox_context_left\">Ca\u0142y materia\u0142 jest sp\u00f3jny, przez co s\u0142uchacz mo\u017ce z \u0142atwo\u015bci\u0105 wsi\u0105kn\u0105\u0107 w mroczn\u0105 aur\u0119 p\u0142yty<\/div>\n\n\n\n<p><strong>Jan:<\/strong> Materia\u0142 okaza\u0142 si\u0119 bardziej wymagaj\u0105cy, ani\u017celi to, co znalaz\u0142o si\u0119 na pierwszej p\u0142ycie. Dlatego te\u017c jej nagranie poch\u0142on\u0119\u0142o wi\u0119cej czasu, wysi\u0142ku a mnie nerw\u00f3w z uwagi na cz\u0119ste duble wokali (\u015bmiech).<\/p>\n\n\n\n<p><strong>Adalbert: Z fragment\u00f3w, kt\u00f3rych mia\u0142em okazj\u0119 wys\u0142ucha\u0107 wynika, \u017ce przez czarne p\u0142\u00f3tna albumu &#8222;Invoked&#8221; nie przedrze si\u0119 nawet jeden promyk s\u0142o\u0144ca &#8211; a mo\u017ce b\u0119d\u0105 jakie\u015b momenty wytchnienia?<\/strong><\/p>\n\n\n\n<p><strong>Kamil:<\/strong> My\u015bl\u0119 \u017ce tak, na p\u0142ycie znajduje si\u0119 par\u0119 spokojniejszych kawa\u0142k\u00f3w. Z drugiej strony, zale\u017cy te\u017c co dany odbiorca rozumie przez wytchnienie.<\/p>\n\n\n\n<p><strong>Jan:<\/strong> Fakt, ca\u0142y materia\u0142 jest sp\u00f3jny, przez co s\u0142uchacz mo\u017ce z \u0142atwo\u015bci\u0105 wsi\u0105kn\u0105\u0107 w mroczn\u0105 aur\u0119 p\u0142yty. Niemniej jednak, pojawiaj\u0105 si\u0119 momenty w kt\u00f3rych mo\u017cna &#8222;z\u0142apa\u0107 oddech&#8221;. Najlepszym przyk\u0142adem jest kawa\u0142ek &#8222;In Silence&#8221;.<\/p>\n\n\n<p>[yframe url=&#8217;http:\/\/www.youtube.com\/watch?v=4aXVQRU4rwc&#8217;]<\/p>\n\n\n\n<figure class=\"wp-block-image alignright\"><a href=\"http:\/\/halotan.net\/wp-content\/uploads\/2014\/12\/Janek.bmp\"><img loading=\"lazy\" decoding=\"async\" width=\"446\" height=\"667\" src=\"http:\/\/halotan.net\/wp-content\/uploads\/2014\/12\/Janek.bmp\" alt=\"Janek\" class=\"wp-image-2406\" \/><\/a><\/figure>\n\n\n\n<p><strong>Adalbert: Macie jakie\u015b ulubione kompozycje na nowej p\u0142ycie? Ca\u0142o\u015b\u0107 b\u0119dzie promowa\u0142 klip do utworu &#8222;Reverse&#8221; &#8211; dlaczego to w\u0142a\u015bnie ten kawa\u0142ek wybrali\u015bcie do promocji kr\u0105\u017cka? Swoj\u0105 drog\u0105 obraz i muzyka \u015bwietnie ze sob\u0105 wsp\u00f3\u0142graj\u0105 &#8211; doskona\u0142a robota!<\/strong><\/p>\n\n\n<div class=\"quotebox quotebox_context_left\"><\/div>\n\n\n\n<p><strong>Kamil:<\/strong> Dzi\u0119kuje. To zas\u0142uga wieloletniej wsp\u00f3\u0142pracy z moj\u0105 przyjaci\u00f3\u0142k\u0105 Gosi\u0105 Hercu\u0144 kt\u00f3ra czuwa nad cz\u0119\u015bci\u0105 wizualn\u0105 dzia\u0142a\u0144 zespo\u0142u, mo\u017cna powiedzie\u0107 \u017ce rozumiemy si\u0119 ju\u017c bez s\u0142\u00f3w. Je\u015bli chodzi o dob\u00f3r singla to decyzja zapad\u0142a ju\u017c na etapie ods\u0142uchu dem, od pocz\u0105tku przyj\u0119\u0142o si\u0119 \u017ce utw\u00f3r b\u0119dzie promowa\u0142 p\u0142yt\u0119 i od tamtej pory nic si\u0119 nie zmieni\u0142o. Nie da si\u0119 te\u017c ukry\u0107 \u017ce &#8222;Reverse&#8221; stanowi do\u015b\u0107 mocne uderzenie \u2013 w moim odczuciu to dobry pomys\u0142 na przypomnienie o sobie po trzech latach przerwy wydawniczej. Co do ulubionej kompozycji to ci\u0119\u017cko by\u0142oby mi wskaza\u0107 ale my\u015bl\u0119 \u017ce &#8222;In Silence&#8221; jest do\u015b\u0107 wyj\u0105tkowym utworem, na pewno chcia\u0142bym aby w przysz\u0142ym roku zosta\u0142 zrealizowany do niego klip.<\/p>\n\n\n\n<p><strong>Jan:<\/strong> Moim zdaniem opr\u00f3cz &#8222;In Silence&#8221; idealnym kawa\u0142kiem, promuj\u0105cym p\u0142yt\u0119 b\u0119dzie &#8222;For Her Joy&#8221;. Na pewno przypadnie do gustu wielu s\u0142uchaczom co znajduje potwierdzenie na koncertach gdzie publika idealnie wyczuwa &#8222;feeling&#8221; kawa\u0142ka.<\/p>\n\n\n\n<p><strong>Adalbert: Ja ze swojej strony zachwyci\u0142em si\u0119 kawa\u0142kiem &#8222;Amazing&#8221; &#8211; lodowata klawisze, mechaniczny feeling i ten wokal&#8230; Co trzeba czu\u0107, \u017ceby nagra\u0107 taki kawa\u0142ek?<\/strong><\/p>\n\n\n\n<p><strong>Kamil:<\/strong> My\u015bl\u0119 \u017ce przede wszystkim jak s\u0142usznie zauwa\u017cy\u0142e\u015b trzeba czu\u0107. Utwory Black Canvas to zawsze odzwierciedlenie poszczeg\u00f3lnych odczu\u0107, sytuacji czy przemy\u015ble\u0144.<\/p>\n\n\n\n<p><strong>Jan:<\/strong> Co do wokalu to w klimat kawa\u0142ka wszed\u0142em dosy\u0107 instynktownie na pierwszej sesji nagraniowej. W prawdzie jedna ze zwrotek okaza\u0142a si\u0119 by\u0107 do\u015b\u0107 problematyczna ale to ju\u017c zupe\u0142nie inna historia (\u015bmiech).<\/p>\n\n\n<p>[yframe url=&#8217;http:\/\/www.youtube.com\/watch?v=IESudd_pJAw&#8217;]<\/p>\n\n\n\n<figure class=\"wp-block-image alignright\"><a href=\"http:\/\/halotan.net\/wp-content\/uploads\/2014\/12\/Micha\u0142.bmp\"><img decoding=\"async\" src=\"http:\/\/halotan.net\/wp-content\/uploads\/2014\/12\/Micha\u0142.bmp\" alt=\"Micha\u0142\" class=\"wp-image-2407\" \/><\/a><\/figure>\n\n\n\n<p><strong>Adalbert: Nad &#8222;For Her Joy&#8221; miejscami unosi si\u0119 z kolei duch mrocznego trip hopu (co mo\u017ce umkn\u0105\u0107 przez mocne b\u0119bny) &#8211; tak\u017ce bogactwo brzmie\u0144 albumu jest spore, mimo, \u017ce wszystko brzmi sp\u00f3jnie&#8230;<\/strong><\/p>\n\n\n<p>[halobox101]<\/p>\n\n\n\n<p><strong>Kamil:<\/strong> R\u00f3\u017cnorodno\u015b\u0107 brzmienia przy jednoczesnym zachowaniu sp\u00f3jno\u015bci albumu to taka zdrowa inspiracja tw\u00f3rczo\u015bci\u0105 zespo\u0142u Depeche Mode z ich najlepszego okresu, zawsze mi to bardzo imponowa\u0142o i jak wida\u0107 wesz\u0142o w krew. Bardzo mi mi\u0142o \u017ce to zauwa\u017cy\u0142e\u015b.<\/p>\n\n\n\n<p><strong>Adalbert: Starszym numerem jest chyba &#8222;Lady From Above&#8221;, on ju\u017c 2013 roku ukaza\u0142 si\u0119 na sk\u0142adance &#8222;Shadow places&#8221;. \u015awietny numer, brzmi jakby wyj\u0119ty z albumu &#8222;Ultra&#8221; Depeche Mode. To oczywi\u015bcie komplement, bo uwielbiam ten kr\u0105\u017cek. Wida\u0107, \u017ce potraficie umiej\u0119tnie gra\u0107 tempami &#8211; te &#8222;stoj\u0105ce&#8221; fragmenty utworu robi\u0105 piorunuj\u0105ce wra\u017cenie, zestawione z przebojowym (jak na ten rodzaj muzyki) refrenem.<\/strong><\/p>\n\n\n\n<p><strong>Kamil:<\/strong> Takie por\u00f3wnanie nie mo\u017ce by\u0107 odebrane inaczej ni\u017c komplement, dzi\u0119kuje. Zaraz po uko\u0144czeniu prac nad p\u0142yt\u0105 pod koniec zesz\u0142ego roku, Marek Pinhead jako jeden z organizator\u00f3w i tw\u00f3rc\u00f3w projektu Shadow Places zaproponowa\u0142 nam udzia\u0142 w ich najnowszej sk\u0142adance. Oczywi\u015bcie nie mogli\u015bmy odm\u00f3wi\u0107, serdeczne pozdrowienia dla Marka \u2013 dzi\u0119kujemy za support i rady!<\/p>\n\n\n<p>[yframe url=&#8217;http:\/\/www.youtube.com\/watch?v=sy-AvNEv0BQ&#8217;]<\/p>\n\n\n\n<figure class=\"wp-block-image alignleft\"><a href=\"http:\/\/halotan.net\/wp-content\/uploads\/2014\/12\/52115_10151578472827477_675692035_o.jpg\"><img loading=\"lazy\" decoding=\"async\" width=\"1024\" height=\"768\" src=\"http:\/\/halotan.net\/wp-content\/uploads\/2014\/12\/52115_10151578472827477_675692035_o-1024x768.jpg\" alt=\"52115_10151578472827477_675692035_o\" class=\"wp-image-2409\" srcset=\"https:\/\/halotan.net\/pl\/wp-content\/uploads\/sites\/2\/2014\/12\/52115_10151578472827477_675692035_o-1024x768.jpg 1024w, https:\/\/halotan.net\/pl\/wp-content\/uploads\/sites\/2\/2014\/12\/52115_10151578472827477_675692035_o-300x225.jpg 300w, https:\/\/halotan.net\/pl\/wp-content\/uploads\/sites\/2\/2014\/12\/52115_10151578472827477_675692035_o-768x576.jpg 768w, https:\/\/halotan.net\/pl\/wp-content\/uploads\/sites\/2\/2014\/12\/52115_10151578472827477_675692035_o-1536x1152.jpg 1536w, https:\/\/halotan.net\/pl\/wp-content\/uploads\/sites\/2\/2014\/12\/52115_10151578472827477_675692035_o.jpg 2048w\" sizes=\"auto, (max-width: 1024px) 100vw, 1024px\" \/><\/a><\/figure>\n\n\n\n<p><strong>Adalbert: A propos poprzedniego pytania &#8211; jakie s\u0105 wasze inspiracje muzyczne?<\/strong><\/p>\n\n\n<div class=\"quotebox quotebox_context_left\">Zaczyna\u0142em od hip-hopu i muzyki elektronicznej, potem przysz\u0142a fascynacja muzyk\u0105 z dawnych lat oraz Depeche Mode. Og\u00f3lnie podzia\u0142 na gatunki muzyczne dla mnie nie istnieje<\/div>\n\n\n\n<p><strong>Kamil:<\/strong> Zaczyna\u0142em od hip-hopu i muzyki elektronicznej, potem przysz\u0142a fascynacja muzyk\u0105 z dawnych lat oraz Depeche Mode. Og\u00f3lnie podzia\u0142 na gatunki muzyczne dla mnie nie istnieje, potrafi\u0119 s\u0142ucha\u0107 wszystkiego co jest dla mnie dobre. Dob\u00f3r muzyki zale\u017cy r\u00f3wnie\u017c przede wszystkim od nastroju, na kt\u00f3ry to tak\u017ce dana muzyka potrafi czasem znacz\u0105co wp\u0142ywa\u0107. Je\u015bli chodzi o konkrety to w ostatnich latach moim ulubionym artyst\u0105 jest Burial, s\u0142ucham tak\u017ce du\u017co muzyki filmowej.<\/p>\n\n\n\n<p><strong>Jan:<\/strong> D\u0142ugo mo\u017cna by opowiada\u0107 ale ujmuj\u0105c to w skr\u00f3cie ju\u017c jaki\u015b czas temu powr\u00f3ci\u0142em do swoich korzeni czyli wszystkiego co kr\u0105\u017cy wok\u00f3\u0142 rocka, metalu i innych gitarowych brzmie\u0144.<\/p>\n\n\n\n<p><strong>Micha\u0142:<\/strong> Moja przygoda z muzyk\u0105 rozpocz\u0119\u0142a si\u0119 od klasycznego rocka. P\u00f3\u017aniej nasta\u0142y &#8222;ci\u0119\u017csze&#8221; czasy, czyli heavy\/black\/death metal. Z wiekiem cz\u0142owiek chyba troszk\u0119 z\u0142agodnia\u0142 ale serce nadal bije w rytmie mocno gitarowym.<\/p>\n\n\n<p>[yframe url=&#8217;http:\/\/www.youtube.com\/watch?v=nYP66ceMrwU&#8217;]<\/p>\n\n\n\n<figure class=\"wp-block-image alignright\"><a href=\"http:\/\/halotan.net\/wp-content\/uploads\/2014\/12\/Kamil.bmp\"><img loading=\"lazy\" decoding=\"async\" width=\"446\" height=\"666\" src=\"http:\/\/halotan.net\/wp-content\/uploads\/2014\/12\/Kamil.bmp\" alt=\"Kamil\" class=\"wp-image-2408\" \/><\/a><\/figure>\n\n\n\n<p><strong>Adalbert: Jak wygl\u0105da podzia\u0142 obowi\u0105zk\u00f3w w zespole? Praca zespo\u0142owa, czy kwestie kompozytorskie i pisanie tekst\u00f3w ogarnia kto\u015b z was?<\/strong><\/p>\n\n\n<div class=\"quotebox quotebox_context_left\">Realia s\u0105 takie \u017ce ci\u0119\u017cko nam si\u0119 gdzie\u015b wstrzeli\u0107 i zaczepi\u0107 na dobre. Zbyt ma\u0142o rock\u2019owi na rock, jednocze\u015bnie za bardzo rock\u2019owi na muzyk\u0119 elektroniczn\u0105. <\/div>\n\n\n\n<p><strong>Kamil:<\/strong> Od pocz\u0105tku pisa\u0142em i komponowa\u0142em piosenki, do tej pory sprawdza\u0142o si\u0119 to dobrze wi\u0119c p\u00f3ki co niczego nie zmieniali\u015bmy. Przede wszystkim w zespole zauwa\u017calny jest podzia\u0142 &#8211; studio i scena. Praca studyjna to moje oczko w g\u0142owie natomiast na scenie ch\u0142opaki graj\u0105 pierwsze skrzypce, ja jedynie asystuje. Warto zwr\u00f3ci\u0107 na to uwag\u0119 poniewa\u017c cz\u0119sto s\u0142yszymy od naszych s\u0142uchaczy \u017ce Black Canvas na \u017cywo to zupe\u0142nie co\u015b innego, ci\u0119\u017cko si\u0119 nie zgodzi\u0107, \u017cywe gitary i bas robi\u0105 swoje nadaj\u0105c znanym utworom zupe\u0142nie innego wyrazu.<\/p>\n\n\n\n<p><strong>Adalbert: Jaki by\u0142 dotychczasowy odbi\u00f3r waszej muzyki? Wydaje mi si\u0119, \u017ce nie jeste\u015bcie stricte gotycko-elektronicznym zespo\u0142em i spectrum waszego brzmienia jest na tyle szerokie \u017ce mo\u017ce zainteresowa\u0107 bardzo r\u00f3\u017cnych odbiorc\u00f3w.<\/strong><\/p>\n\n\n\n<p><strong>Kamil:<\/strong> Zdecydowanie tak. Kiedy\u015b my\u015bla\u0142em \u017ce to atut, niestety realia s\u0105 takie \u017ce ci\u0119\u017cko nam si\u0119 gdzie\u015b wstrzeli\u0107 i zaczepi\u0107 na dobre. Zbyt ma\u0142o rock\u2019owi na rock, jednocze\u015bnie za bardzo rock\u2019owi na muzyk\u0119 elektroniczn\u0105. Z drugiej strony by\u0107 mo\u017ce to tak\u017ce wina braku managera, sami musimy zajmowa\u0107 si\u0119 sprawami organizacyjnymi co czasami nie sprawdza si\u0119 najlepiej z uwagi na obowi\u0105zki i brak czasu. Co do samego odbioru to jest bardzo dobry, mamy ju\u017c nawet wielu fan\u00f3w kt\u00f3rych kojarzymy z koncert\u00f3w, bardzo fajni ludzie.<\/p>\n\n\n\n<p><strong>Adalbert: Jak b\u0119dzie wygl\u0105da\u0142a promocja nowego albumu &#8211; czy b\u0119dzie mo\u017cna zobaczy\u0107 was na koncertach?<\/strong><\/p>\n\n\n\n<p><strong>Kamil:<\/strong> My\u015bl\u0119 \u017ce w przysz\u0142ym roku machina koncertowa znowu powinna ruszy\u0107.<\/p>\n\n\n\n<p><strong>Jan:<\/strong> Uciele\u015bnieniem zespo\u0142u s\u0105 wyst\u0119py na \u017cywo wi\u0119c si\u0142\u0105 rzeczy liczymy na jak najwi\u0119cej koncert\u00f3w.<\/p>\n\n\n\n<p><strong>Adalbert: Dzi\u0119ki za odpowiedzi na pytania, ostatnie s\u0142owo nale\u017cy do Was!<\/strong><\/p>\n\n\n\n<p><strong>Jan:<\/strong> Mam nadziej\u0119, \u017ce sp\u0119dzicie wiele przyjemnych chwil przy d\u017awi\u0119kach naszego nowego albumu i \u017ce wkr\u00f3tce spotkamy si\u0119 w Waszych miastach na koncertach!<\/p>\n\n\n\n<p><strong>Micha\u0142:<\/strong> Pozdrowienia. Widzimy si\u0119 wkr\u00f3tce.<\/p>\n\n\n\n<p><strong>Kamil:<\/strong> Dzi\u0119kujemy za wywiad oraz dzi\u0119kujemy ca\u0142emu Halotan Records za wsparcie. Serdecznie pozdrawiamy Czytelnik\u00f3w i naszych S\u0142uchaczy, do zobaczenia na koncertach!<\/p>\n\n\n<p>[yframe url=&#8217;http:\/\/www.youtube.com\/watch?v=h32fUyX8S5o&#8217;]<\/p>\n","protected":false},"excerpt":{"rendered":"<p>Album&nbsp;\u201cInvoked\u201d jest &nbsp;dost\u0119pny do pobrania na stronie: http:\/\/blackcanvas.pl\/ w dziale download. Adalbert: Witajcie, na pocz\u0105tku standardowe pytanie o kr\u00f3tkie przybli\u017cenie [&hellip;]<\/p>\n","protected":false},"author":3,"featured_media":2404,"comment_status":"closed","ping_status":"closed","sticky":false,"template":"","format":"standard","meta":{"site-sidebar-layout":"default","site-content-layout":"","ast-site-content-layout":"default","site-content-style":"default","site-sidebar-style":"default","ast-global-header-display":"","ast-banner-title-visibility":"","ast-main-header-display":"","ast-hfb-above-header-display":"","ast-hfb-below-header-display":"","ast-hfb-mobile-header-display":"","site-post-title":"","ast-breadcrumbs-content":"","ast-featured-img":"","footer-sml-layout":"","ast-disable-related-posts":"","theme-transparent-header-meta":"","adv-header-id-meta":"","stick-header-meta":"","header-above-stick-meta":"","header-main-stick-meta":"","header-below-stick-meta":"","astra-migrate-meta-layouts":"default","ast-page-background-enabled":"default","ast-page-background-meta":{"desktop":{"background-color":"var(--ast-global-color-4)","background-image":"","background-repeat":"repeat","background-position":"center center","background-size":"auto","background-attachment":"scroll","background-type":"","background-media":"","overlay-type":"","overlay-color":"","overlay-opacity":"","overlay-gradient":""},"tablet":{"background-color":"","background-image":"","background-repeat":"repeat","background-position":"center center","background-size":"auto","background-attachment":"scroll","background-type":"","background-media":"","overlay-type":"","overlay-color":"","overlay-opacity":"","overlay-gradient":""},"mobile":{"background-color":"","background-image":"","background-repeat":"repeat","background-position":"center center","background-size":"auto","background-attachment":"scroll","background-type":"","background-media":"","overlay-type":"","overlay-color":"","overlay-opacity":"","overlay-gradient":""}},"ast-content-background-meta":{"desktop":{"background-color":"var(--ast-global-color-5)","background-image":"","background-repeat":"repeat","background-position":"center center","background-size":"auto","background-attachment":"scroll","background-type":"","background-media":"","overlay-type":"","overlay-color":"","overlay-opacity":"","overlay-gradient":""},"tablet":{"background-color":"var(--ast-global-color-5)","background-image":"","background-repeat":"repeat","background-position":"center center","background-size":"auto","background-attachment":"scroll","background-type":"","background-media":"","overlay-type":"","overlay-color":"","overlay-opacity":"","overlay-gradient":""},"mobile":{"background-color":"var(--ast-global-color-5)","background-image":"","background-repeat":"repeat","background-position":"center center","background-size":"auto","background-attachment":"scroll","background-type":"","background-media":"","overlay-type":"","overlay-color":"","overlay-opacity":"","overlay-gradient":""}},"footnotes":""},"categories":[55],"tags":[11,59],"class_list":["post-2403","post","type-post","status-publish","format-standard","has-post-thumbnail","hentry","category-wywiady","tag-black-canvas","tag-wywiad"],"yoast_head":"<!-- This site is optimized with the Yoast SEO plugin v27.0 - https:\/\/yoast.com\/product\/yoast-seo-wordpress\/ -->\n<title>Za bardzo rockowi, za bardzo elektroniczni - wywiad z Black Canvas - Halotan Records PL<\/title>\n<meta name=\"description\" content=\"Wywiad z zespo\u0142em Black Canvas, w zwi\u0105zku z wydaniem nowego albumu &quot;Invoked&quot;\" \/>\n<meta name=\"robots\" content=\"index, follow, max-snippet:-1, max-image-preview:large, max-video-preview:-1\" \/>\n<link rel=\"canonical\" href=\"https:\/\/halotan.net\/pl\/wywiady\/za-bardzo-rockowi-za-bardzo-elektroniczni-wywiad-z-black-canvas.html\" \/>\n<meta property=\"og:locale\" content=\"pl_PL\" \/>\n<meta property=\"og:type\" content=\"article\" \/>\n<meta property=\"og:title\" content=\"Za bardzo rockowi, za bardzo elektroniczni - wywiad z Black Canvas - Halotan Records PL\" \/>\n<meta property=\"og:description\" content=\"Wywiad z zespo\u0142em Black Canvas, w zwi\u0105zku z wydaniem nowego albumu &quot;Invoked&quot;\" \/>\n<meta property=\"og:url\" content=\"https:\/\/halotan.net\/pl\/wywiady\/za-bardzo-rockowi-za-bardzo-elektroniczni-wywiad-z-black-canvas.html\" \/>\n<meta property=\"og:site_name\" content=\"Halotan Records PL\" \/>\n<meta property=\"article:publisher\" content=\"https:\/\/www.facebook.com\/halotan\" \/>\n<meta property=\"article:published_time\" content=\"2014-12-13T17:13:27+00:00\" \/>\n<meta property=\"og:image\" content=\"https:\/\/halotan.net\/pl\/wp-content\/uploads\/sites\/2\/2014\/12\/Invoked-01.jpg\" \/>\n\t<meta property=\"og:image:width\" content=\"800\" \/>\n\t<meta property=\"og:image:height\" content=\"557\" \/>\n\t<meta property=\"og:image:type\" content=\"image\/jpeg\" \/>\n<meta name=\"author\" content=\"Adalbert\" \/>\n<meta name=\"twitter:card\" content=\"summary_large_image\" \/>\n<meta name=\"twitter:label1\" content=\"Napisane przez\" \/>\n\t<meta name=\"twitter:data1\" content=\"Adalbert\" \/>\n\t<meta name=\"twitter:label2\" content=\"Szacowany czas czytania\" \/>\n\t<meta name=\"twitter:data2\" content=\"10 minut\" \/>\n<script type=\"application\/ld+json\" class=\"yoast-schema-graph\">{\"@context\":\"https:\/\/schema.org\",\"@graph\":[{\"@type\":\"Article\",\"@id\":\"https:\/\/halotan.net\/pl\/wywiady\/za-bardzo-rockowi-za-bardzo-elektroniczni-wywiad-z-black-canvas.html#article\",\"isPartOf\":{\"@id\":\"https:\/\/halotan.net\/pl\/wywiady\/za-bardzo-rockowi-za-bardzo-elektroniczni-wywiad-z-black-canvas.html\"},\"author\":{\"name\":\"Adalbert\",\"@id\":\"https:\/\/halotan.net\/pl\/#\/schema\/person\/1212c49464166828e0b666b29bbba31c\"},\"headline\":\"Za bardzo rockowi, za bardzo elektroniczni &#8211; wywiad z Black Canvas\",\"datePublished\":\"2014-12-13T17:13:27+00:00\",\"mainEntityOfPage\":{\"@id\":\"https:\/\/halotan.net\/pl\/wywiady\/za-bardzo-rockowi-za-bardzo-elektroniczni-wywiad-z-black-canvas.html\"},\"wordCount\":2073,\"publisher\":{\"@id\":\"https:\/\/halotan.net\/pl\/#organization\"},\"image\":{\"@id\":\"https:\/\/halotan.net\/pl\/wywiady\/za-bardzo-rockowi-za-bardzo-elektroniczni-wywiad-z-black-canvas.html#primaryimage\"},\"thumbnailUrl\":\"https:\/\/halotan.net\/pl\/wp-content\/uploads\/sites\/2\/2014\/12\/Invoked-01.jpg\",\"keywords\":[\"black canvas\",\"wywiad\"],\"articleSection\":[\"Wywiady\"],\"inLanguage\":\"pl-PL\"},{\"@type\":\"WebPage\",\"@id\":\"https:\/\/halotan.net\/pl\/wywiady\/za-bardzo-rockowi-za-bardzo-elektroniczni-wywiad-z-black-canvas.html\",\"url\":\"https:\/\/halotan.net\/pl\/wywiady\/za-bardzo-rockowi-za-bardzo-elektroniczni-wywiad-z-black-canvas.html\",\"name\":\"Za bardzo rockowi, za bardzo elektroniczni - wywiad z Black Canvas - Halotan Records PL\",\"isPartOf\":{\"@id\":\"https:\/\/halotan.net\/pl\/#website\"},\"primaryImageOfPage\":{\"@id\":\"https:\/\/halotan.net\/pl\/wywiady\/za-bardzo-rockowi-za-bardzo-elektroniczni-wywiad-z-black-canvas.html#primaryimage\"},\"image\":{\"@id\":\"https:\/\/halotan.net\/pl\/wywiady\/za-bardzo-rockowi-za-bardzo-elektroniczni-wywiad-z-black-canvas.html#primaryimage\"},\"thumbnailUrl\":\"https:\/\/halotan.net\/pl\/wp-content\/uploads\/sites\/2\/2014\/12\/Invoked-01.jpg\",\"datePublished\":\"2014-12-13T17:13:27+00:00\",\"description\":\"Wywiad z zespo\u0142em Black Canvas, w zwi\u0105zku z wydaniem nowego albumu \\\"Invoked\\\"\",\"breadcrumb\":{\"@id\":\"https:\/\/halotan.net\/pl\/wywiady\/za-bardzo-rockowi-za-bardzo-elektroniczni-wywiad-z-black-canvas.html#breadcrumb\"},\"inLanguage\":\"pl-PL\",\"potentialAction\":[{\"@type\":\"ReadAction\",\"target\":[\"https:\/\/halotan.net\/pl\/wywiady\/za-bardzo-rockowi-za-bardzo-elektroniczni-wywiad-z-black-canvas.html\"]}]},{\"@type\":\"ImageObject\",\"inLanguage\":\"pl-PL\",\"@id\":\"https:\/\/halotan.net\/pl\/wywiady\/za-bardzo-rockowi-za-bardzo-elektroniczni-wywiad-z-black-canvas.html#primaryimage\",\"url\":\"https:\/\/halotan.net\/pl\/wp-content\/uploads\/sites\/2\/2014\/12\/Invoked-01.jpg\",\"contentUrl\":\"https:\/\/halotan.net\/pl\/wp-content\/uploads\/sites\/2\/2014\/12\/Invoked-01.jpg\",\"width\":800,\"height\":557},{\"@type\":\"BreadcrumbList\",\"@id\":\"https:\/\/halotan.net\/pl\/wywiady\/za-bardzo-rockowi-za-bardzo-elektroniczni-wywiad-z-black-canvas.html#breadcrumb\",\"itemListElement\":[{\"@type\":\"ListItem\",\"position\":1,\"name\":\"Home\",\"item\":\"https:\/\/halotan.net\/pl\"},{\"@type\":\"ListItem\",\"position\":2,\"name\":\"Za bardzo rockowi, za bardzo elektroniczni &#8211; wywiad z Black Canvas\"}]},{\"@type\":\"WebSite\",\"@id\":\"https:\/\/halotan.net\/pl\/#website\",\"url\":\"https:\/\/halotan.net\/pl\/\",\"name\":\"Halotan Records PL\",\"description\":\"\",\"publisher\":{\"@id\":\"https:\/\/halotan.net\/pl\/#organization\"},\"potentialAction\":[{\"@type\":\"SearchAction\",\"target\":{\"@type\":\"EntryPoint\",\"urlTemplate\":\"https:\/\/halotan.net\/pl\/?s={search_term_string}\"},\"query-input\":{\"@type\":\"PropertyValueSpecification\",\"valueRequired\":true,\"valueName\":\"search_term_string\"}}],\"inLanguage\":\"pl-PL\"},{\"@type\":\"Organization\",\"@id\":\"https:\/\/halotan.net\/pl\/#organization\",\"name\":\"Halotan Records PL\",\"url\":\"https:\/\/halotan.net\/pl\/\",\"logo\":{\"@type\":\"ImageObject\",\"inLanguage\":\"pl-PL\",\"@id\":\"https:\/\/halotan.net\/pl\/#\/schema\/logo\/image\/\",\"url\":\"https:\/\/halotan.net\/pl\/wp-content\/uploads\/sites\/2\/2024\/11\/cropped-halotan-records-logo.png\",\"contentUrl\":\"https:\/\/halotan.net\/pl\/wp-content\/uploads\/sites\/2\/2024\/11\/cropped-halotan-records-logo.png\",\"width\":534,\"height\":174,\"caption\":\"Halotan Records PL\"},\"image\":{\"@id\":\"https:\/\/halotan.net\/pl\/#\/schema\/logo\/image\/\"},\"sameAs\":[\"https:\/\/www.facebook.com\/halotan\",\"https:\/\/youtube.com\/@halotanrecords\"]},{\"@type\":\"Person\",\"@id\":\"https:\/\/halotan.net\/pl\/#\/schema\/person\/1212c49464166828e0b666b29bbba31c\",\"name\":\"Adalbert\",\"url\":\"https:\/\/halotan.net\/pl\/author\/adalbert\"}]}<\/script>\n<!-- \/ Yoast SEO plugin. -->","yoast_head_json":{"title":"Za bardzo rockowi, za bardzo elektroniczni - wywiad z Black Canvas - Halotan Records PL","description":"Wywiad z zespo\u0142em Black Canvas, w zwi\u0105zku z wydaniem nowego albumu \"Invoked\"","robots":{"index":"index","follow":"follow","max-snippet":"max-snippet:-1","max-image-preview":"max-image-preview:large","max-video-preview":"max-video-preview:-1"},"canonical":"https:\/\/halotan.net\/pl\/wywiady\/za-bardzo-rockowi-za-bardzo-elektroniczni-wywiad-z-black-canvas.html","og_locale":"pl_PL","og_type":"article","og_title":"Za bardzo rockowi, za bardzo elektroniczni - wywiad z Black Canvas - Halotan Records PL","og_description":"Wywiad z zespo\u0142em Black Canvas, w zwi\u0105zku z wydaniem nowego albumu \"Invoked\"","og_url":"https:\/\/halotan.net\/pl\/wywiady\/za-bardzo-rockowi-za-bardzo-elektroniczni-wywiad-z-black-canvas.html","og_site_name":"Halotan Records PL","article_publisher":"https:\/\/www.facebook.com\/halotan","article_published_time":"2014-12-13T17:13:27+00:00","og_image":[{"width":800,"height":557,"url":"https:\/\/halotan.net\/pl\/wp-content\/uploads\/sites\/2\/2014\/12\/Invoked-01.jpg","type":"image\/jpeg"}],"author":"Adalbert","twitter_card":"summary_large_image","twitter_misc":{"Napisane przez":"Adalbert","Szacowany czas czytania":"10 minut"},"schema":{"@context":"https:\/\/schema.org","@graph":[{"@type":"Article","@id":"https:\/\/halotan.net\/pl\/wywiady\/za-bardzo-rockowi-za-bardzo-elektroniczni-wywiad-z-black-canvas.html#article","isPartOf":{"@id":"https:\/\/halotan.net\/pl\/wywiady\/za-bardzo-rockowi-za-bardzo-elektroniczni-wywiad-z-black-canvas.html"},"author":{"name":"Adalbert","@id":"https:\/\/halotan.net\/pl\/#\/schema\/person\/1212c49464166828e0b666b29bbba31c"},"headline":"Za bardzo rockowi, za bardzo elektroniczni &#8211; wywiad z Black Canvas","datePublished":"2014-12-13T17:13:27+00:00","mainEntityOfPage":{"@id":"https:\/\/halotan.net\/pl\/wywiady\/za-bardzo-rockowi-za-bardzo-elektroniczni-wywiad-z-black-canvas.html"},"wordCount":2073,"publisher":{"@id":"https:\/\/halotan.net\/pl\/#organization"},"image":{"@id":"https:\/\/halotan.net\/pl\/wywiady\/za-bardzo-rockowi-za-bardzo-elektroniczni-wywiad-z-black-canvas.html#primaryimage"},"thumbnailUrl":"https:\/\/halotan.net\/pl\/wp-content\/uploads\/sites\/2\/2014\/12\/Invoked-01.jpg","keywords":["black canvas","wywiad"],"articleSection":["Wywiady"],"inLanguage":"pl-PL"},{"@type":"WebPage","@id":"https:\/\/halotan.net\/pl\/wywiady\/za-bardzo-rockowi-za-bardzo-elektroniczni-wywiad-z-black-canvas.html","url":"https:\/\/halotan.net\/pl\/wywiady\/za-bardzo-rockowi-za-bardzo-elektroniczni-wywiad-z-black-canvas.html","name":"Za bardzo rockowi, za bardzo elektroniczni - wywiad z Black Canvas - Halotan Records PL","isPartOf":{"@id":"https:\/\/halotan.net\/pl\/#website"},"primaryImageOfPage":{"@id":"https:\/\/halotan.net\/pl\/wywiady\/za-bardzo-rockowi-za-bardzo-elektroniczni-wywiad-z-black-canvas.html#primaryimage"},"image":{"@id":"https:\/\/halotan.net\/pl\/wywiady\/za-bardzo-rockowi-za-bardzo-elektroniczni-wywiad-z-black-canvas.html#primaryimage"},"thumbnailUrl":"https:\/\/halotan.net\/pl\/wp-content\/uploads\/sites\/2\/2014\/12\/Invoked-01.jpg","datePublished":"2014-12-13T17:13:27+00:00","description":"Wywiad z zespo\u0142em Black Canvas, w zwi\u0105zku z wydaniem nowego albumu \"Invoked\"","breadcrumb":{"@id":"https:\/\/halotan.net\/pl\/wywiady\/za-bardzo-rockowi-za-bardzo-elektroniczni-wywiad-z-black-canvas.html#breadcrumb"},"inLanguage":"pl-PL","potentialAction":[{"@type":"ReadAction","target":["https:\/\/halotan.net\/pl\/wywiady\/za-bardzo-rockowi-za-bardzo-elektroniczni-wywiad-z-black-canvas.html"]}]},{"@type":"ImageObject","inLanguage":"pl-PL","@id":"https:\/\/halotan.net\/pl\/wywiady\/za-bardzo-rockowi-za-bardzo-elektroniczni-wywiad-z-black-canvas.html#primaryimage","url":"https:\/\/halotan.net\/pl\/wp-content\/uploads\/sites\/2\/2014\/12\/Invoked-01.jpg","contentUrl":"https:\/\/halotan.net\/pl\/wp-content\/uploads\/sites\/2\/2014\/12\/Invoked-01.jpg","width":800,"height":557},{"@type":"BreadcrumbList","@id":"https:\/\/halotan.net\/pl\/wywiady\/za-bardzo-rockowi-za-bardzo-elektroniczni-wywiad-z-black-canvas.html#breadcrumb","itemListElement":[{"@type":"ListItem","position":1,"name":"Home","item":"https:\/\/halotan.net\/pl"},{"@type":"ListItem","position":2,"name":"Za bardzo rockowi, za bardzo elektroniczni &#8211; wywiad z Black Canvas"}]},{"@type":"WebSite","@id":"https:\/\/halotan.net\/pl\/#website","url":"https:\/\/halotan.net\/pl\/","name":"Halotan Records PL","description":"","publisher":{"@id":"https:\/\/halotan.net\/pl\/#organization"},"potentialAction":[{"@type":"SearchAction","target":{"@type":"EntryPoint","urlTemplate":"https:\/\/halotan.net\/pl\/?s={search_term_string}"},"query-input":{"@type":"PropertyValueSpecification","valueRequired":true,"valueName":"search_term_string"}}],"inLanguage":"pl-PL"},{"@type":"Organization","@id":"https:\/\/halotan.net\/pl\/#organization","name":"Halotan Records PL","url":"https:\/\/halotan.net\/pl\/","logo":{"@type":"ImageObject","inLanguage":"pl-PL","@id":"https:\/\/halotan.net\/pl\/#\/schema\/logo\/image\/","url":"https:\/\/halotan.net\/pl\/wp-content\/uploads\/sites\/2\/2024\/11\/cropped-halotan-records-logo.png","contentUrl":"https:\/\/halotan.net\/pl\/wp-content\/uploads\/sites\/2\/2024\/11\/cropped-halotan-records-logo.png","width":534,"height":174,"caption":"Halotan Records PL"},"image":{"@id":"https:\/\/halotan.net\/pl\/#\/schema\/logo\/image\/"},"sameAs":["https:\/\/www.facebook.com\/halotan","https:\/\/youtube.com\/@halotanrecords"]},{"@type":"Person","@id":"https:\/\/halotan.net\/pl\/#\/schema\/person\/1212c49464166828e0b666b29bbba31c","name":"Adalbert","url":"https:\/\/halotan.net\/pl\/author\/adalbert"}]}},"_links":{"self":[{"href":"https:\/\/halotan.net\/pl\/wp-json\/wp\/v2\/posts\/2403","targetHints":{"allow":["GET"]}}],"collection":[{"href":"https:\/\/halotan.net\/pl\/wp-json\/wp\/v2\/posts"}],"about":[{"href":"https:\/\/halotan.net\/pl\/wp-json\/wp\/v2\/types\/post"}],"author":[{"embeddable":true,"href":"https:\/\/halotan.net\/pl\/wp-json\/wp\/v2\/users\/3"}],"replies":[{"embeddable":true,"href":"https:\/\/halotan.net\/pl\/wp-json\/wp\/v2\/comments?post=2403"}],"version-history":[{"count":0,"href":"https:\/\/halotan.net\/pl\/wp-json\/wp\/v2\/posts\/2403\/revisions"}],"wp:featuredmedia":[{"embeddable":true,"href":"https:\/\/halotan.net\/pl\/wp-json\/wp\/v2\/media\/2404"}],"wp:attachment":[{"href":"https:\/\/halotan.net\/pl\/wp-json\/wp\/v2\/media?parent=2403"}],"wp:term":[{"taxonomy":"category","embeddable":true,"href":"https:\/\/halotan.net\/pl\/wp-json\/wp\/v2\/categories?post=2403"},{"taxonomy":"post_tag","embeddable":true,"href":"https:\/\/halotan.net\/pl\/wp-json\/wp\/v2\/tags?post=2403"}],"curies":[{"name":"wp","href":"https:\/\/api.w.org\/{rel}","templated":true}]}}